{"id":10581,"date":"2024-09-12T19:23:00","date_gmt":"2024-09-12T21:24:40","guid":{"rendered":"https:\/\/www.primiposti.it\/blog\/?p=10581"},"modified":"2024-09-12T19:24:15","modified_gmt":"2024-09-12T17:24:15","slug":"impresa-funebre","status":"publish","type":"post","link":"https:\/\/www.primiposti.it\/blog\/impresa-funebre\/","title":{"rendered":"Impresa Funebre Domus"},"content":{"rendered":"\n<p><a href=\"https:\/\/www.paginemail.it\/onoranze-funebri-domus-s-n-c-di-capineri-giuseppe-e-todeschin-mirco.html\">Impresa Funebre<\/a> Domus offre un supporto completo e professionale nel drammatico momento del lutto. Siamo specializzati nell&#8217;organizzazione di funerali, cerimonie e cremazioni, operando su tutto il territorio per dare il giusto onore a ogni persona deceduta. Il nostro obiettivo \u00e8 sollevare le famiglie dalle incombenze organizzative, permettendo loro di concentrarsi sul ricordo del proprio caro.<\/p>\n\n\n\n<p>Presso le nostre sedi nelle province di Vercelli e Biella, ci occupiamo anche delle operazioni di rimpatrio delle salme da tutto il mondo, garantendo un servizio rispettoso e accurato. Scegliere Domus significa affidarsi a un team di esperti che comprende l&#8217;importanza di ogni dettaglio. Offriamo un&#8217;assistenza completa e personalizzata durante i momenti pi\u00f9 difficili, assicurando che ogni cerimonia rispecchi i desideri e i valori del defunto e della sua famiglia.<\/p>\n\n\n\n<p>Il rispetto, la compassione e l&#8217;integrit\u00e0 sono i valori che guidano ogni nostra azione. Comprendiamo quanto sia importante onorare la memoria dei propri cari e ci impegniamo a farlo con la massima dedizione. Ogni funerale \u00e8 organizzato con cura, seguendo le volont\u00e0 dei familiari e del defunto.<\/p>\n\n\n\n<p>Il nostro personale \u00e8 formato da professionisti qualificati e attenti, pronti ad ascoltare e a supportarvi con empatia e competenza. La formazione continua e l&#8217;aggiornamento costante ci permettono di offrire un servizio sempre all&#8217;altezza delle vostre aspettative.<\/p>\n\n\n\n<p>Crediamo che ogni persona meriti di essere ricordata con dignit\u00e0 e amore. Per questo, ci impegniamo a fornire onoranze funebri a Biella che riflettano la vita e la personalit\u00e0 del defunto. Ogni dettaglio \u00e8 curato con attenzione per creare un omaggio sincero e rispettoso.<\/p>\n","protected":false},"excerpt":{"rendered":"<p>Impresa Funebre Domus offre un supporto completo e professionale nel drammatico momento del lutto. Siamo specializzati nell&#8217;organizzazione di funerali, cerimonie e cremazioni, operando su tutto il territorio per dare il giusto onore a ogni persona deceduta. Il nostro obiettivo \u00e8 sollevare le famiglie dalle incombenze organizzative, permettendo loro di concentrarsi sul ricordo del proprio caro&#8230;.<\/p>\n","protected":false},"author":2,"featured_media":10582,"comment_status":"open","ping_status":"open","sticky":false,"template":"","format":"standard","meta":{"_kad_post_transparent":"","_kad_post_title":"","_kad_post_layout":"","_kad_post_sidebar_id":"","_kad_post_content_style":"","_kad_post_vertical_padding":"","_kad_post_feature":"","_kad_post_feature_position":"","_kad_post_header":false,"_kad_post_footer":false,"footnotes":""},"categories":[12],"tags":[],"class_list":["post-10581","post","type-post","status-publish","format-standard","has-post-thumbnail","hentry","category-aziende-primi-posti"],"yoast_head":"<!-- This site is optimized with the Yoast SEO plugin v24.9 - https:\/\/yoast.com\/wordpress\/plugins\/seo\/ -->\n<title>Impresa Funebre Domus |<\/title>\n<meta name=\"description\" content=\"Impresa Funebre Domus offre un supporto completo e professionale nel drammatico momento del lutto. Siamo specializzati nell&#039;organizzazione di funerali, cerimonie e cremazioni, operando su tutto il territorio per dare il giusto onore a ogni persona deceduta. Il nostro obiettivo \u00e8 sollevare le famiglie dalle incombenze organizzative, permettendo loro di concentrarsi sul ricordo del proprio caro.\" \/>\n<meta name=\"robots\" content=\"index, follow, max-snippet:-1, max-image-preview:large, max-video-preview:-1\" \/>\n<link rel=\"canonical\" href=\"https:\/\/www.primiposti.it\/blog\/impresa-funebre\/\" \/>\n<meta property=\"og:locale\" content=\"it_IT\" \/>\n<meta property=\"og:type\" content=\"article\" \/>\n<meta property=\"og:title\" content=\"impresa funebre\" \/>\n<meta property=\"og:description\" content=\"Impresa Funebre Domus offre un supporto completo e professionale nel drammatico momento del lutto. Siamo specializzati nell&#039;organizzazione di funerali, cerimonie e cremazioni, operando su tutto il territorio per dare il giusto onore a ogni persona deceduta. Il nostro obiettivo \u00e8 sollevare le famiglie dalle incombenze organizzative, permettendo loro di concentrarsi sul ricordo del proprio caro.\" \/>\n<meta property=\"og:url\" content=\"https:\/\/www.primiposti.it\/blog\/impresa-funebre\/\" \/>\n<meta property=\"og:site_name\" content=\"Il blog\" \/>\n<meta property=\"article:publisher\" content=\"https:\/\/www.facebook.com\/PaginemailItalia\" \/>\n<meta property=\"article:published_time\" content=\"2024-09-12T21:24:40+00:00\" \/>\n<meta property=\"og:image\" content=\"https:\/\/www.primiposti.it\/blog\/wp-content\/uploads\/2024\/09\/logo-domus-blog.png\" \/>\n\t<meta property=\"og:image:width\" content=\"370\" \/>\n\t<meta property=\"og:image:height\" content=\"297\" \/>\n\t<meta property=\"og:image:type\" content=\"image\/png\" \/>\n<meta name=\"author\" content=\"Lisa Pitruzzella\" \/>\n<meta name=\"twitter:card\" content=\"summary_large_image\" \/>\n<meta name=\"twitter:label1\" content=\"Scritto da\" \/>\n\t<meta name=\"twitter:data1\" content=\"Lisa Pitruzzella\" \/>\n\t<meta name=\"twitter:label2\" content=\"Tempo di lettura stimato\" \/>\n\t<meta name=\"twitter:data2\" content=\"2 minuti\" \/>\n<script type=\"application\/ld+json\" class=\"yoast-schema-graph\">{\"@context\":\"https:\/\/schema.org\",\"@graph\":[{\"@type\":\"Article\",\"@id\":\"https:\/\/www.primiposti.it\/blog\/impresa-funebre\/#article\",\"isPartOf\":{\"@id\":\"https:\/\/www.primiposti.it\/blog\/impresa-funebre\/\"},\"author\":{\"name\":\"Lisa Pitruzzella\",\"@id\":\"https:\/\/www.primiposti.it\/blog\/#\/schema\/person\/8cd66dd7f6740fa23469505462095978\"},\"headline\":\"Impresa Funebre Domus\",\"datePublished\":\"2024-09-12T21:24:40+00:00\",\"mainEntityOfPage\":{\"@id\":\"https:\/\/www.primiposti.it\/blog\/impresa-funebre\/\"},\"wordCount\":252,\"commentCount\":0,\"publisher\":{\"@id\":\"https:\/\/www.primiposti.it\/blog\/#organization\"},\"image\":{\"@id\":\"https:\/\/www.primiposti.it\/blog\/impresa-funebre\/#primaryimage\"},\"thumbnailUrl\":\"https:\/\/www.primiposti.it\/blog\/wp-content\/uploads\/2024\/09\/logo-domus-blog.png\",\"articleSection\":[\"Aziende Primi Posti\"],\"inLanguage\":\"it-IT\",\"potentialAction\":[{\"@type\":\"CommentAction\",\"name\":\"Comment\",\"target\":[\"https:\/\/www.primiposti.it\/blog\/impresa-funebre\/#respond\"]}]},{\"@type\":\"WebPage\",\"@id\":\"https:\/\/www.primiposti.it\/blog\/impresa-funebre\/\",\"url\":\"https:\/\/www.primiposti.it\/blog\/impresa-funebre\/\",\"name\":\"Impresa Funebre Domus |\",\"isPartOf\":{\"@id\":\"https:\/\/www.primiposti.it\/blog\/#website\"},\"primaryImageOfPage\":{\"@id\":\"https:\/\/www.primiposti.it\/blog\/impresa-funebre\/#primaryimage\"},\"image\":{\"@id\":\"https:\/\/www.primiposti.it\/blog\/impresa-funebre\/#primaryimage\"},\"thumbnailUrl\":\"https:\/\/www.primiposti.it\/blog\/wp-content\/uploads\/2024\/09\/logo-domus-blog.png\",\"datePublished\":\"2024-09-12T21:24:40+00:00\",\"description\":\"Impresa Funebre Domus offre un supporto completo e professionale nel drammatico momento del lutto. Siamo specializzati nell'organizzazione di funerali, cerimonie e cremazioni, operando su tutto il territorio per dare il giusto onore a ogni persona deceduta. Il nostro obiettivo \u00e8 sollevare le famiglie dalle incombenze organizzative, permettendo loro di concentrarsi sul ricordo del proprio caro.\",\"breadcrumb\":{\"@id\":\"https:\/\/www.primiposti.it\/blog\/impresa-funebre\/#breadcrumb\"},\"inLanguage\":\"it-IT\",\"potentialAction\":[{\"@type\":\"ReadAction\",\"target\":[\"https:\/\/www.primiposti.it\/blog\/impresa-funebre\/\"]}]},{\"@type\":\"ImageObject\",\"inLanguage\":\"it-IT\",\"@id\":\"https:\/\/www.primiposti.it\/blog\/impresa-funebre\/#primaryimage\",\"url\":\"https:\/\/www.primiposti.it\/blog\/wp-content\/uploads\/2024\/09\/logo-domus-blog.png\",\"contentUrl\":\"https:\/\/www.primiposti.it\/blog\/wp-content\/uploads\/2024\/09\/logo-domus-blog.png\",\"width\":370,\"height\":297},{\"@type\":\"BreadcrumbList\",\"@id\":\"https:\/\/www.primiposti.it\/blog\/impresa-funebre\/#breadcrumb\",\"itemListElement\":[{\"@type\":\"ListItem\",\"position\":1,\"name\":\"Home\",\"item\":\"https:\/\/www.primiposti.it\/blog\/\"},{\"@type\":\"ListItem\",\"position\":2,\"name\":\"Impresa Funebre Domus\"}]},{\"@type\":\"WebSite\",\"@id\":\"https:\/\/www.primiposti.it\/blog\/#website\",\"url\":\"https:\/\/www.primiposti.it\/blog\/\",\"name\":\"Il blog di PrimiPosti\",\"description\":\"Ai primi posti con Primiposti\",\"publisher\":{\"@id\":\"https:\/\/www.primiposti.it\/blog\/#organization\"},\"potentialAction\":[{\"@type\":\"SearchAction\",\"target\":{\"@type\":\"EntryPoint\",\"urlTemplate\":\"https:\/\/www.primiposti.it\/blog\/?s={search_term_string}\"},\"query-input\":{\"@type\":\"PropertyValueSpecification\",\"valueRequired\":true,\"valueName\":\"search_term_string\"}}],\"inLanguage\":\"it-IT\"},{\"@type\":\"Organization\",\"@id\":\"https:\/\/www.primiposti.it\/blog\/#organization\",\"name\":\"Primi Posti\",\"url\":\"https:\/\/www.primiposti.it\/blog\/\",\"logo\":{\"@type\":\"ImageObject\",\"inLanguage\":\"it-IT\",\"@id\":\"https:\/\/www.primiposti.it\/blog\/#\/schema\/logo\/image\/\",\"url\":\"https:\/\/www.primiposti.it\/blog\/wp-content\/uploads\/2023\/03\/logo-primi-posti.png\",\"contentUrl\":\"https:\/\/www.primiposti.it\/blog\/wp-content\/uploads\/2023\/03\/logo-primi-posti.png\",\"width\":134,\"height\":34,\"caption\":\"Primi Posti\"},\"image\":{\"@id\":\"https:\/\/www.primiposti.it\/blog\/#\/schema\/logo\/image\/\"},\"sameAs\":[\"https:\/\/www.facebook.com\/PaginemailItalia\"]},{\"@type\":\"Person\",\"@id\":\"https:\/\/www.primiposti.it\/blog\/#\/schema\/person\/8cd66dd7f6740fa23469505462095978\",\"name\":\"Lisa Pitruzzella\",\"image\":{\"@type\":\"ImageObject\",\"inLanguage\":\"it-IT\",\"@id\":\"https:\/\/www.primiposti.it\/blog\/#\/schema\/person\/image\/\",\"url\":\"https:\/\/secure.gravatar.com\/avatar\/616289f2518c56758d40a828bea03f5d2c0505ef584f47c84630af81e05aa324?s=96&d=wp_user_avatar&r=g\",\"contentUrl\":\"https:\/\/secure.gravatar.com\/avatar\/616289f2518c56758d40a828bea03f5d2c0505ef584f47c84630af81e05aa324?s=96&d=wp_user_avatar&r=g\",\"caption\":\"Lisa Pitruzzella\"},\"url\":\"https:\/\/www.primiposti.it\/blog\/author\/lisa-pitruzzella\/\"}]}<\/script>\n<!-- \/ Yoast SEO plugin. -->","yoast_head_json":{"title":"Impresa Funebre Domus |","description":"Impresa Funebre Domus offre un supporto completo e professionale nel drammatico momento del lutto. Siamo specializzati nell'organizzazione di funerali, cerimonie e cremazioni, operando su tutto il territorio per dare il giusto onore a ogni persona deceduta. Il nostro obiettivo \u00e8 sollevare le famiglie dalle incombenze organizzative, permettendo loro di concentrarsi sul ricordo del proprio caro.","robots":{"index":"index","follow":"follow","max-snippet":"max-snippet:-1","max-image-preview":"max-image-preview:large","max-video-preview":"max-video-preview:-1"},"canonical":"https:\/\/www.primiposti.it\/blog\/impresa-funebre\/","og_locale":"it_IT","og_type":"article","og_title":"impresa funebre","og_description":"Impresa Funebre Domus offre un supporto completo e professionale nel drammatico momento del lutto. Siamo specializzati nell'organizzazione di funerali, cerimonie e cremazioni, operando su tutto il territorio per dare il giusto onore a ogni persona deceduta. Il nostro obiettivo \u00e8 sollevare le famiglie dalle incombenze organizzative, permettendo loro di concentrarsi sul ricordo del proprio caro.","og_url":"https:\/\/www.primiposti.it\/blog\/impresa-funebre\/","og_site_name":"Il blog","article_publisher":"https:\/\/www.facebook.com\/PaginemailItalia","article_published_time":"2024-09-12T21:24:40+00:00","og_image":[{"width":370,"height":297,"url":"https:\/\/www.primiposti.it\/blog\/wp-content\/uploads\/2024\/09\/logo-domus-blog.png","type":"image\/png"}],"author":"Lisa Pitruzzella","twitter_card":"summary_large_image","twitter_misc":{"Scritto da":"Lisa Pitruzzella","Tempo di lettura stimato":"2 minuti"},"schema":{"@context":"https:\/\/schema.org","@graph":[{"@type":"Article","@id":"https:\/\/www.primiposti.it\/blog\/impresa-funebre\/#article","isPartOf":{"@id":"https:\/\/www.primiposti.it\/blog\/impresa-funebre\/"},"author":{"name":"Lisa Pitruzzella","@id":"https:\/\/www.primiposti.it\/blog\/#\/schema\/person\/8cd66dd7f6740fa23469505462095978"},"headline":"Impresa Funebre Domus","datePublished":"2024-09-12T21:24:40+00:00","mainEntityOfPage":{"@id":"https:\/\/www.primiposti.it\/blog\/impresa-funebre\/"},"wordCount":252,"commentCount":0,"publisher":{"@id":"https:\/\/www.primiposti.it\/blog\/#organization"},"image":{"@id":"https:\/\/www.primiposti.it\/blog\/impresa-funebre\/#primaryimage"},"thumbnailUrl":"https:\/\/www.primiposti.it\/blog\/wp-content\/uploads\/2024\/09\/logo-domus-blog.png","articleSection":["Aziende Primi Posti"],"inLanguage":"it-IT","potentialAction":[{"@type":"CommentAction","name":"Comment","target":["https:\/\/www.primiposti.it\/blog\/impresa-funebre\/#respond"]}]},{"@type":"WebPage","@id":"https:\/\/www.primiposti.it\/blog\/impresa-funebre\/","url":"https:\/\/www.primiposti.it\/blog\/impresa-funebre\/","name":"Impresa Funebre Domus |","isPartOf":{"@id":"https:\/\/www.primiposti.it\/blog\/#website"},"primaryImageOfPage":{"@id":"https:\/\/www.primiposti.it\/blog\/impresa-funebre\/#primaryimage"},"image":{"@id":"https:\/\/www.primiposti.it\/blog\/impresa-funebre\/#primaryimage"},"thumbnailUrl":"https:\/\/www.primiposti.it\/blog\/wp-content\/uploads\/2024\/09\/logo-domus-blog.png","datePublished":"2024-09-12T21:24:40+00:00","description":"Impresa Funebre Domus offre un supporto completo e professionale nel drammatico momento del lutto. Siamo specializzati nell'organizzazione di funerali, cerimonie e cremazioni, operando su tutto il territorio per dare il giusto onore a ogni persona deceduta. Il nostro obiettivo \u00e8 sollevare le famiglie dalle incombenze organizzative, permettendo loro di concentrarsi sul ricordo del proprio caro.","breadcrumb":{"@id":"https:\/\/www.primiposti.it\/blog\/impresa-funebre\/#breadcrumb"},"inLanguage":"it-IT","potentialAction":[{"@type":"ReadAction","target":["https:\/\/www.primiposti.it\/blog\/impresa-funebre\/"]}]},{"@type":"ImageObject","inLanguage":"it-IT","@id":"https:\/\/www.primiposti.it\/blog\/impresa-funebre\/#primaryimage","url":"https:\/\/www.primiposti.it\/blog\/wp-content\/uploads\/2024\/09\/logo-domus-blog.png","contentUrl":"https:\/\/www.primiposti.it\/blog\/wp-content\/uploads\/2024\/09\/logo-domus-blog.png","width":370,"height":297},{"@type":"BreadcrumbList","@id":"https:\/\/www.primiposti.it\/blog\/impresa-funebre\/#breadcrumb","itemListElement":[{"@type":"ListItem","position":1,"name":"Home","item":"https:\/\/www.primiposti.it\/blog\/"},{"@type":"ListItem","position":2,"name":"Impresa Funebre Domus"}]},{"@type":"WebSite","@id":"https:\/\/www.primiposti.it\/blog\/#website","url":"https:\/\/www.primiposti.it\/blog\/","name":"Il blog di PrimiPosti","description":"Ai primi posti con Primiposti","publisher":{"@id":"https:\/\/www.primiposti.it\/blog\/#organization"},"potentialAction":[{"@type":"SearchAction","target":{"@type":"EntryPoint","urlTemplate":"https:\/\/www.primiposti.it\/blog\/?s={search_term_string}"},"query-input":{"@type":"PropertyValueSpecification","valueRequired":true,"valueName":"search_term_string"}}],"inLanguage":"it-IT"},{"@type":"Organization","@id":"https:\/\/www.primiposti.it\/blog\/#organization","name":"Primi Posti","url":"https:\/\/www.primiposti.it\/blog\/","logo":{"@type":"ImageObject","inLanguage":"it-IT","@id":"https:\/\/www.primiposti.it\/blog\/#\/schema\/logo\/image\/","url":"https:\/\/www.primiposti.it\/blog\/wp-content\/uploads\/2023\/03\/logo-primi-posti.png","contentUrl":"https:\/\/www.primiposti.it\/blog\/wp-content\/uploads\/2023\/03\/logo-primi-posti.png","width":134,"height":34,"caption":"Primi Posti"},"image":{"@id":"https:\/\/www.primiposti.it\/blog\/#\/schema\/logo\/image\/"},"sameAs":["https:\/\/www.facebook.com\/PaginemailItalia"]},{"@type":"Person","@id":"https:\/\/www.primiposti.it\/blog\/#\/schema\/person\/8cd66dd7f6740fa23469505462095978","name":"Lisa Pitruzzella","image":{"@type":"ImageObject","inLanguage":"it-IT","@id":"https:\/\/www.primiposti.it\/blog\/#\/schema\/person\/image\/","url":"https:\/\/secure.gravatar.com\/avatar\/616289f2518c56758d40a828bea03f5d2c0505ef584f47c84630af81e05aa324?s=96&d=wp_user_avatar&r=g","contentUrl":"https:\/\/secure.gravatar.com\/avatar\/616289f2518c56758d40a828bea03f5d2c0505ef584f47c84630af81e05aa324?s=96&d=wp_user_avatar&r=g","caption":"Lisa Pitruzzella"},"url":"https:\/\/www.primiposti.it\/blog\/author\/lisa-pitruzzella\/"}]}},"_links":{"self":[{"href":"https:\/\/www.primiposti.it\/blog\/wp-json\/wp\/v2\/posts\/10581","targetHints":{"allow":["GET"]}}],"collection":[{"href":"https:\/\/www.primiposti.it\/blog\/wp-json\/wp\/v2\/posts"}],"about":[{"href":"https:\/\/www.primiposti.it\/blog\/wp-json\/wp\/v2\/types\/post"}],"author":[{"embeddable":true,"href":"https:\/\/www.primiposti.it\/blog\/wp-json\/wp\/v2\/users\/2"}],"replies":[{"embeddable":true,"href":"https:\/\/www.primiposti.it\/blog\/wp-json\/wp\/v2\/comments?post=10581"}],"version-history":[{"count":1,"href":"https:\/\/www.primiposti.it\/blog\/wp-json\/wp\/v2\/posts\/10581\/revisions"}],"predecessor-version":[{"id":10583,"href":"https:\/\/www.primiposti.it\/blog\/wp-json\/wp\/v2\/posts\/10581\/revisions\/10583"}],"wp:featuredmedia":[{"embeddable":true,"href":"https:\/\/www.primiposti.it\/blog\/wp-json\/wp\/v2\/media\/10582"}],"wp:attachment":[{"href":"https:\/\/www.primiposti.it\/blog\/wp-json\/wp\/v2\/media?parent=10581"}],"wp:term":[{"taxonomy":"category","embeddable":true,"href":"https:\/\/www.primiposti.it\/blog\/wp-json\/wp\/v2\/categories?post=10581"},{"taxonomy":"post_tag","embeddable":true,"href":"https:\/\/www.primiposti.it\/blog\/wp-json\/wp\/v2\/tags?post=10581"}],"curies":[{"name":"wp","href":"https:\/\/api.w.org\/{rel}","templated":true}]}}