{"id":12501,"date":"2025-05-23T19:59:17","date_gmt":"2025-05-23T21:59:23","guid":{"rendered":"https:\/\/www.primiposti.it\/blog\/?p=12501"},"modified":"2025-05-23T20:00:48","modified_gmt":"2025-05-23T18:00:48","slug":"vendite-e-locazioni-immobiliari","status":"publish","type":"post","link":"https:\/\/www.primiposti.it\/blog\/vendite-e-locazioni-immobiliari\/","title":{"rendered":"MILANO CASA"},"content":{"rendered":"\n<p>L\u2019agenzia immobiliare Milano Casa, presente sul mercato dal 1995 come <a href=\"https:\/\/www.paginemail.it\/milano-casa-di-ferrara-nicola-tommaso-1152252.html\">vendite e locazioni immobiliari<\/a> che nasce dal desiderio del titolare Nicola Tommaso Ferrara, operativo nel settore da oltre trent\u2019anni, di valorizzare al massimo la sua esperienza professionale sia sul territorio locale di Basiglio-Milano 3 che in quello di Milano.<\/p>\n\n\n\n<p>L\u2019utilizzo di un suo nome nel marchio e non di quello di un franchising \u00e8 sinonimo di una scelta di massima seriet\u00e0, trasparenza e correttezza. L\u2019agenzia condivide con i clienti ogni passaggio della compravendita immobiliare in piena armonia e riservatezza: la finalit\u00e0 \u00e8 quella di raggiungere insieme gli obbiettivi prefissati con determinazione, spiccato dinamismo ed entusiasmo, mantenendo sempre un approccio diretto ed un\u2019attenzione costante alla cura del cliente.<\/p>\n\n\n\n<p>Essa infatti offre un\u2019assistenza affidabile e puntuale sin dal primo incontro: dalla valutazione dell\u2019immobile, dal piano marketing dedicato, dagli appuntamenti di vendita fino alla conclusione del rogito notarile. Il costante sviluppo personale, i successi conseguiti nel tempo e la soddisfazione della clientela, hanno contribuito a far diventare oggi l\u2019azienda un importante punto di riferimento per coloro che cercano un servizio efficiente contraddistinto da precisione e riservatezza.<\/p>\n\n\n\n<p>Grazie ad un\u2019esperienza pluriennale sul mercato, l\u2019agenzia vanta una preziosa Banca Dati in cui sono raccolte numerose richieste di clienti in cerca di acquisto e di locazione la quale ha permesso negli anni di concludere in tempi pi\u00f9 rapidi le diverse operazioni immobiliari. La societ\u00e0 si avvale anche di molteplici forme pubblicitarie tra cui quella di maggior riscontro \u00e8 senza dubbio la promozione via web degli immobili sui maggiori portali: ogni annuncio, curato nei minimi particolari ed arricchito di fotografie, assicura una campagna pubblicitaria di grande valore ed immediata visibilit\u00e0.<\/p>\n\n\n\n<p>Restiamo in attesa di poterVi incontrare personalmente al fine di illustrarVi le nostre competenze nel settore e di raggiungere insieme il Vostro obbiettivo immobiliare.<\/p>\n","protected":false},"excerpt":{"rendered":"<p>L\u2019agenzia immobiliare Milano Casa, presente sul mercato dal 1995 come vendite e locazioni immobiliari che nasce dal desiderio del titolare Nicola Tommaso Ferrara, operativo nel settore da oltre trent\u2019anni, di valorizzare al massimo la sua esperienza professionale sia sul territorio locale di Basiglio-Milano 3 che in quello di Milano. L\u2019utilizzo di un suo nome nel&#8230;<\/p>\n","protected":false},"author":2,"featured_media":12502,"comment_status":"open","ping_status":"open","sticky":false,"template":"","format":"standard","meta":{"_kad_post_transparent":"","_kad_post_title":"","_kad_post_layout":"","_kad_post_sidebar_id":"","_kad_post_content_style":"","_kad_post_vertical_padding":"","_kad_post_feature":"","_kad_post_feature_position":"","_kad_post_header":false,"_kad_post_footer":false,"footnotes":""},"categories":[12],"tags":[],"class_list":["post-12501","post","type-post","status-publish","format-standard","has-post-thumbnail","hentry","category-aziende-primi-posti"],"yoast_head":"<!-- This site is optimized with the Yoast SEO plugin v24.9 - https:\/\/yoast.com\/wordpress\/plugins\/seo\/ -->\n<title>MILANO CASA |<\/title>\n<meta name=\"description\" content=\"L\u2019agenzia immobiliare Milano Casa, presente sul mercato dal 1995 come vendite e locazioni immobiliari che nasce dal desiderio del titolare Nicola Tommaso Ferrara, operativo nel settore da oltre trent\u2019anni, di valorizzare al massimo la sua esperienza professionale sia sul territorio locale di Basiglio-Milano 3 che in quello di Milano.\" \/>\n<meta name=\"robots\" content=\"index, follow, max-snippet:-1, max-image-preview:large, max-video-preview:-1\" \/>\n<link rel=\"canonical\" href=\"https:\/\/www.primiposti.it\/blog\/vendite-e-locazioni-immobiliari\/\" \/>\n<meta property=\"og:locale\" content=\"it_IT\" \/>\n<meta property=\"og:type\" content=\"article\" \/>\n<meta property=\"og:title\" content=\"vendite e locazioni immobiliari\" \/>\n<meta property=\"og:description\" content=\"L\u2019agenzia immobiliare Milano Casa, presente sul mercato dal 1995 come vendite e locazioni immobiliari che nasce dal desiderio del titolare Nicola Tommaso Ferrara, operativo nel settore da oltre trent\u2019anni, di valorizzare al massimo la sua esperienza professionale sia sul territorio locale di Basiglio-Milano 3 che in quello di Milano.\" \/>\n<meta property=\"og:url\" content=\"https:\/\/www.primiposti.it\/blog\/vendite-e-locazioni-immobiliari\/\" \/>\n<meta property=\"og:site_name\" content=\"Il blog\" \/>\n<meta property=\"article:publisher\" content=\"https:\/\/www.facebook.com\/PaginemailItalia\" \/>\n<meta property=\"article:published_time\" content=\"2025-05-23T21:59:23+00:00\" \/>\n<meta property=\"og:image\" content=\"https:\/\/www.primiposti.it\/blog\/wp-content\/uploads\/2025\/05\/logo-milano-blog.png\" \/>\n\t<meta property=\"og:image:width\" content=\"370\" \/>\n\t<meta property=\"og:image:height\" content=\"297\" \/>\n\t<meta property=\"og:image:type\" content=\"image\/png\" \/>\n<meta name=\"author\" content=\"Lisa Pitruzzella\" \/>\n<meta name=\"twitter:card\" content=\"summary_large_image\" \/>\n<meta name=\"twitter:label1\" content=\"Scritto da\" \/>\n\t<meta name=\"twitter:data1\" content=\"Lisa Pitruzzella\" \/>\n\t<meta name=\"twitter:label2\" content=\"Tempo di lettura stimato\" \/>\n\t<meta name=\"twitter:data2\" content=\"2 minuti\" \/>\n<script type=\"application\/ld+json\" class=\"yoast-schema-graph\">{\"@context\":\"https:\/\/schema.org\",\"@graph\":[{\"@type\":\"Article\",\"@id\":\"https:\/\/www.primiposti.it\/blog\/vendite-e-locazioni-immobiliari\/#article\",\"isPartOf\":{\"@id\":\"https:\/\/www.primiposti.it\/blog\/vendite-e-locazioni-immobiliari\/\"},\"author\":{\"name\":\"Lisa Pitruzzella\",\"@id\":\"https:\/\/www.primiposti.it\/blog\/#\/schema\/person\/8cd66dd7f6740fa23469505462095978\"},\"headline\":\"MILANO CASA\",\"datePublished\":\"2025-05-23T21:59:23+00:00\",\"mainEntityOfPage\":{\"@id\":\"https:\/\/www.primiposti.it\/blog\/vendite-e-locazioni-immobiliari\/\"},\"wordCount\":304,\"commentCount\":0,\"publisher\":{\"@id\":\"https:\/\/www.primiposti.it\/blog\/#organization\"},\"image\":{\"@id\":\"https:\/\/www.primiposti.it\/blog\/vendite-e-locazioni-immobiliari\/#primaryimage\"},\"thumbnailUrl\":\"https:\/\/www.primiposti.it\/blog\/wp-content\/uploads\/2025\/05\/logo-milano-blog.png\",\"articleSection\":[\"Aziende Primi Posti\"],\"inLanguage\":\"it-IT\",\"potentialAction\":[{\"@type\":\"CommentAction\",\"name\":\"Comment\",\"target\":[\"https:\/\/www.primiposti.it\/blog\/vendite-e-locazioni-immobiliari\/#respond\"]}]},{\"@type\":\"WebPage\",\"@id\":\"https:\/\/www.primiposti.it\/blog\/vendite-e-locazioni-immobiliari\/\",\"url\":\"https:\/\/www.primiposti.it\/blog\/vendite-e-locazioni-immobiliari\/\",\"name\":\"MILANO CASA |\",\"isPartOf\":{\"@id\":\"https:\/\/www.primiposti.it\/blog\/#website\"},\"primaryImageOfPage\":{\"@id\":\"https:\/\/www.primiposti.it\/blog\/vendite-e-locazioni-immobiliari\/#primaryimage\"},\"image\":{\"@id\":\"https:\/\/www.primiposti.it\/blog\/vendite-e-locazioni-immobiliari\/#primaryimage\"},\"thumbnailUrl\":\"https:\/\/www.primiposti.it\/blog\/wp-content\/uploads\/2025\/05\/logo-milano-blog.png\",\"datePublished\":\"2025-05-23T21:59:23+00:00\",\"description\":\"L\u2019agenzia immobiliare Milano Casa, presente sul mercato dal 1995 come vendite e locazioni immobiliari che nasce dal desiderio del titolare Nicola Tommaso Ferrara, operativo nel settore da oltre trent\u2019anni, di valorizzare al massimo la sua esperienza professionale sia sul territorio locale di Basiglio-Milano 3 che in quello di Milano.\",\"breadcrumb\":{\"@id\":\"https:\/\/www.primiposti.it\/blog\/vendite-e-locazioni-immobiliari\/#breadcrumb\"},\"inLanguage\":\"it-IT\",\"potentialAction\":[{\"@type\":\"ReadAction\",\"target\":[\"https:\/\/www.primiposti.it\/blog\/vendite-e-locazioni-immobiliari\/\"]}]},{\"@type\":\"ImageObject\",\"inLanguage\":\"it-IT\",\"@id\":\"https:\/\/www.primiposti.it\/blog\/vendite-e-locazioni-immobiliari\/#primaryimage\",\"url\":\"https:\/\/www.primiposti.it\/blog\/wp-content\/uploads\/2025\/05\/logo-milano-blog.png\",\"contentUrl\":\"https:\/\/www.primiposti.it\/blog\/wp-content\/uploads\/2025\/05\/logo-milano-blog.png\",\"width\":370,\"height\":297},{\"@type\":\"BreadcrumbList\",\"@id\":\"https:\/\/www.primiposti.it\/blog\/vendite-e-locazioni-immobiliari\/#breadcrumb\",\"itemListElement\":[{\"@type\":\"ListItem\",\"position\":1,\"name\":\"Home\",\"item\":\"https:\/\/www.primiposti.it\/blog\/\"},{\"@type\":\"ListItem\",\"position\":2,\"name\":\"MILANO CASA\"}]},{\"@type\":\"WebSite\",\"@id\":\"https:\/\/www.primiposti.it\/blog\/#website\",\"url\":\"https:\/\/www.primiposti.it\/blog\/\",\"name\":\"Il blog di PrimiPosti\",\"description\":\"Ai primi posti con Primiposti\",\"publisher\":{\"@id\":\"https:\/\/www.primiposti.it\/blog\/#organization\"},\"potentialAction\":[{\"@type\":\"SearchAction\",\"target\":{\"@type\":\"EntryPoint\",\"urlTemplate\":\"https:\/\/www.primiposti.it\/blog\/?s={search_term_string}\"},\"query-input\":{\"@type\":\"PropertyValueSpecification\",\"valueRequired\":true,\"valueName\":\"search_term_string\"}}],\"inLanguage\":\"it-IT\"},{\"@type\":\"Organization\",\"@id\":\"https:\/\/www.primiposti.it\/blog\/#organization\",\"name\":\"Primi Posti\",\"url\":\"https:\/\/www.primiposti.it\/blog\/\",\"logo\":{\"@type\":\"ImageObject\",\"inLanguage\":\"it-IT\",\"@id\":\"https:\/\/www.primiposti.it\/blog\/#\/schema\/logo\/image\/\",\"url\":\"https:\/\/www.primiposti.it\/blog\/wp-content\/uploads\/2023\/03\/logo-primi-posti.png\",\"contentUrl\":\"https:\/\/www.primiposti.it\/blog\/wp-content\/uploads\/2023\/03\/logo-primi-posti.png\",\"width\":134,\"height\":34,\"caption\":\"Primi Posti\"},\"image\":{\"@id\":\"https:\/\/www.primiposti.it\/blog\/#\/schema\/logo\/image\/\"},\"sameAs\":[\"https:\/\/www.facebook.com\/PaginemailItalia\"]},{\"@type\":\"Person\",\"@id\":\"https:\/\/www.primiposti.it\/blog\/#\/schema\/person\/8cd66dd7f6740fa23469505462095978\",\"name\":\"Lisa Pitruzzella\",\"image\":{\"@type\":\"ImageObject\",\"inLanguage\":\"it-IT\",\"@id\":\"https:\/\/www.primiposti.it\/blog\/#\/schema\/person\/image\/\",\"url\":\"https:\/\/secure.gravatar.com\/avatar\/616289f2518c56758d40a828bea03f5d2c0505ef584f47c84630af81e05aa324?s=96&d=wp_user_avatar&r=g\",\"contentUrl\":\"https:\/\/secure.gravatar.com\/avatar\/616289f2518c56758d40a828bea03f5d2c0505ef584f47c84630af81e05aa324?s=96&d=wp_user_avatar&r=g\",\"caption\":\"Lisa Pitruzzella\"},\"url\":\"https:\/\/www.primiposti.it\/blog\/author\/lisa-pitruzzella\/\"}]}<\/script>\n<!-- \/ Yoast SEO plugin. -->","yoast_head_json":{"title":"MILANO CASA |","description":"L\u2019agenzia immobiliare Milano Casa, presente sul mercato dal 1995 come vendite e locazioni immobiliari che nasce dal desiderio del titolare Nicola Tommaso Ferrara, operativo nel settore da oltre trent\u2019anni, di valorizzare al massimo la sua esperienza professionale sia sul territorio locale di Basiglio-Milano 3 che in quello di Milano.","robots":{"index":"index","follow":"follow","max-snippet":"max-snippet:-1","max-image-preview":"max-image-preview:large","max-video-preview":"max-video-preview:-1"},"canonical":"https:\/\/www.primiposti.it\/blog\/vendite-e-locazioni-immobiliari\/","og_locale":"it_IT","og_type":"article","og_title":"vendite e locazioni immobiliari","og_description":"L\u2019agenzia immobiliare Milano Casa, presente sul mercato dal 1995 come vendite e locazioni immobiliari che nasce dal desiderio del titolare Nicola Tommaso Ferrara, operativo nel settore da oltre trent\u2019anni, di valorizzare al massimo la sua esperienza professionale sia sul territorio locale di Basiglio-Milano 3 che in quello di Milano.","og_url":"https:\/\/www.primiposti.it\/blog\/vendite-e-locazioni-immobiliari\/","og_site_name":"Il blog","article_publisher":"https:\/\/www.facebook.com\/PaginemailItalia","article_published_time":"2025-05-23T21:59:23+00:00","og_image":[{"width":370,"height":297,"url":"https:\/\/www.primiposti.it\/blog\/wp-content\/uploads\/2025\/05\/logo-milano-blog.png","type":"image\/png"}],"author":"Lisa Pitruzzella","twitter_card":"summary_large_image","twitter_misc":{"Scritto da":"Lisa Pitruzzella","Tempo di lettura stimato":"2 minuti"},"schema":{"@context":"https:\/\/schema.org","@graph":[{"@type":"Article","@id":"https:\/\/www.primiposti.it\/blog\/vendite-e-locazioni-immobiliari\/#article","isPartOf":{"@id":"https:\/\/www.primiposti.it\/blog\/vendite-e-locazioni-immobiliari\/"},"author":{"name":"Lisa Pitruzzella","@id":"https:\/\/www.primiposti.it\/blog\/#\/schema\/person\/8cd66dd7f6740fa23469505462095978"},"headline":"MILANO CASA","datePublished":"2025-05-23T21:59:23+00:00","mainEntityOfPage":{"@id":"https:\/\/www.primiposti.it\/blog\/vendite-e-locazioni-immobiliari\/"},"wordCount":304,"commentCount":0,"publisher":{"@id":"https:\/\/www.primiposti.it\/blog\/#organization"},"image":{"@id":"https:\/\/www.primiposti.it\/blog\/vendite-e-locazioni-immobiliari\/#primaryimage"},"thumbnailUrl":"https:\/\/www.primiposti.it\/blog\/wp-content\/uploads\/2025\/05\/logo-milano-blog.png","articleSection":["Aziende Primi Posti"],"inLanguage":"it-IT","potentialAction":[{"@type":"CommentAction","name":"Comment","target":["https:\/\/www.primiposti.it\/blog\/vendite-e-locazioni-immobiliari\/#respond"]}]},{"@type":"WebPage","@id":"https:\/\/www.primiposti.it\/blog\/vendite-e-locazioni-immobiliari\/","url":"https:\/\/www.primiposti.it\/blog\/vendite-e-locazioni-immobiliari\/","name":"MILANO CASA |","isPartOf":{"@id":"https:\/\/www.primiposti.it\/blog\/#website"},"primaryImageOfPage":{"@id":"https:\/\/www.primiposti.it\/blog\/vendite-e-locazioni-immobiliari\/#primaryimage"},"image":{"@id":"https:\/\/www.primiposti.it\/blog\/vendite-e-locazioni-immobiliari\/#primaryimage"},"thumbnailUrl":"https:\/\/www.primiposti.it\/blog\/wp-content\/uploads\/2025\/05\/logo-milano-blog.png","datePublished":"2025-05-23T21:59:23+00:00","description":"L\u2019agenzia immobiliare Milano Casa, presente sul mercato dal 1995 come vendite e locazioni immobiliari che nasce dal desiderio del titolare Nicola Tommaso Ferrara, operativo nel settore da oltre trent\u2019anni, di valorizzare al massimo la sua esperienza professionale sia sul territorio locale di Basiglio-Milano 3 che in quello di Milano.","breadcrumb":{"@id":"https:\/\/www.primiposti.it\/blog\/vendite-e-locazioni-immobiliari\/#breadcrumb"},"inLanguage":"it-IT","potentialAction":[{"@type":"ReadAction","target":["https:\/\/www.primiposti.it\/blog\/vendite-e-locazioni-immobiliari\/"]}]},{"@type":"ImageObject","inLanguage":"it-IT","@id":"https:\/\/www.primiposti.it\/blog\/vendite-e-locazioni-immobiliari\/#primaryimage","url":"https:\/\/www.primiposti.it\/blog\/wp-content\/uploads\/2025\/05\/logo-milano-blog.png","contentUrl":"https:\/\/www.primiposti.it\/blog\/wp-content\/uploads\/2025\/05\/logo-milano-blog.png","width":370,"height":297},{"@type":"BreadcrumbList","@id":"https:\/\/www.primiposti.it\/blog\/vendite-e-locazioni-immobiliari\/#breadcrumb","itemListElement":[{"@type":"ListItem","position":1,"name":"Home","item":"https:\/\/www.primiposti.it\/blog\/"},{"@type":"ListItem","position":2,"name":"MILANO CASA"}]},{"@type":"WebSite","@id":"https:\/\/www.primiposti.it\/blog\/#website","url":"https:\/\/www.primiposti.it\/blog\/","name":"Il blog di PrimiPosti","description":"Ai primi posti con Primiposti","publisher":{"@id":"https:\/\/www.primiposti.it\/blog\/#organization"},"potentialAction":[{"@type":"SearchAction","target":{"@type":"EntryPoint","urlTemplate":"https:\/\/www.primiposti.it\/blog\/?s={search_term_string}"},"query-input":{"@type":"PropertyValueSpecification","valueRequired":true,"valueName":"search_term_string"}}],"inLanguage":"it-IT"},{"@type":"Organization","@id":"https:\/\/www.primiposti.it\/blog\/#organization","name":"Primi Posti","url":"https:\/\/www.primiposti.it\/blog\/","logo":{"@type":"ImageObject","inLanguage":"it-IT","@id":"https:\/\/www.primiposti.it\/blog\/#\/schema\/logo\/image\/","url":"https:\/\/www.primiposti.it\/blog\/wp-content\/uploads\/2023\/03\/logo-primi-posti.png","contentUrl":"https:\/\/www.primiposti.it\/blog\/wp-content\/uploads\/2023\/03\/logo-primi-posti.png","width":134,"height":34,"caption":"Primi Posti"},"image":{"@id":"https:\/\/www.primiposti.it\/blog\/#\/schema\/logo\/image\/"},"sameAs":["https:\/\/www.facebook.com\/PaginemailItalia"]},{"@type":"Person","@id":"https:\/\/www.primiposti.it\/blog\/#\/schema\/person\/8cd66dd7f6740fa23469505462095978","name":"Lisa Pitruzzella","image":{"@type":"ImageObject","inLanguage":"it-IT","@id":"https:\/\/www.primiposti.it\/blog\/#\/schema\/person\/image\/","url":"https:\/\/secure.gravatar.com\/avatar\/616289f2518c56758d40a828bea03f5d2c0505ef584f47c84630af81e05aa324?s=96&d=wp_user_avatar&r=g","contentUrl":"https:\/\/secure.gravatar.com\/avatar\/616289f2518c56758d40a828bea03f5d2c0505ef584f47c84630af81e05aa324?s=96&d=wp_user_avatar&r=g","caption":"Lisa Pitruzzella"},"url":"https:\/\/www.primiposti.it\/blog\/author\/lisa-pitruzzella\/"}]}},"_links":{"self":[{"href":"https:\/\/www.primiposti.it\/blog\/wp-json\/wp\/v2\/posts\/12501","targetHints":{"allow":["GET"]}}],"collection":[{"href":"https:\/\/www.primiposti.it\/blog\/wp-json\/wp\/v2\/posts"}],"about":[{"href":"https:\/\/www.primiposti.it\/blog\/wp-json\/wp\/v2\/types\/post"}],"author":[{"embeddable":true,"href":"https:\/\/www.primiposti.it\/blog\/wp-json\/wp\/v2\/users\/2"}],"replies":[{"embeddable":true,"href":"https:\/\/www.primiposti.it\/blog\/wp-json\/wp\/v2\/comments?post=12501"}],"version-history":[{"count":1,"href":"https:\/\/www.primiposti.it\/blog\/wp-json\/wp\/v2\/posts\/12501\/revisions"}],"predecessor-version":[{"id":12503,"href":"https:\/\/www.primiposti.it\/blog\/wp-json\/wp\/v2\/posts\/12501\/revisions\/12503"}],"wp:featuredmedia":[{"embeddable":true,"href":"https:\/\/www.primiposti.it\/blog\/wp-json\/wp\/v2\/media\/12502"}],"wp:attachment":[{"href":"https:\/\/www.primiposti.it\/blog\/wp-json\/wp\/v2\/media?parent=12501"}],"wp:term":[{"taxonomy":"category","embeddable":true,"href":"https:\/\/www.primiposti.it\/blog\/wp-json\/wp\/v2\/categories?post=12501"},{"taxonomy":"post_tag","embeddable":true,"href":"https:\/\/www.primiposti.it\/blog\/wp-json\/wp\/v2\/tags?post=12501"}],"curies":[{"name":"wp","href":"https:\/\/api.w.org\/{rel}","templated":true}]}}