{"id":13055,"date":"2025-10-09T19:55:39","date_gmt":"2025-10-09T21:56:11","guid":{"rendered":"https:\/\/www.primiposti.it\/blog\/?p=13055"},"modified":"2025-10-09T20:00:24","modified_gmt":"2025-10-09T18:00:24","slug":"affittacamere-in-montagna","status":"publish","type":"post","link":"https:\/\/www.primiposti.it\/blog\/affittacamere-in-montagna\/","title":{"rendered":"LA STELLA DEL POLLINO"},"content":{"rendered":"\n<p>L\u2019<a href=\"https:\/\/www.paginemail.it\/basile-anna-rosa.html\">affittacamere in montagna<\/a> La Stella del Pollino si trova nel cuore di San Lorenzo Bellizzi. \u00c8 il primo affittacamere nato nel borgo alle pendici del monte Pollino e dal 2007 ospita i suoi clienti in spazi confortevoli ed eleganti. Accoglienza e cordialit\u00e0 sono alla base della nostra attivit\u00e0. \u00c8 l\u2019ideale per famiglie e bambini, gruppi di amici o soggiorni in solitaria per godere del relax che offre il borgo.<\/p>\n\n\n\n<p>Si pu\u00f2 inoltre usufruire di un turismo esperienziale a tutto tondo: escursioni in paesaggi mozzafiato, sentieri naturalistici e tour agricoli, accompagnati da guide esperte.<\/p>\n\n\n\n<p>Con 15 posti letto, la Stella del Pollino offre varie soluzioni: appartamenti indipendenti, stanze singole o matrimoniali, con bagno privato o con cucina. Contattaci per scegliere il pacchetto pi\u00f9 adatto a te!<\/p>\n","protected":false},"excerpt":{"rendered":"<p>L\u2019affittacamere in montagna La Stella del Pollino si trova nel cuore di San Lorenzo Bellizzi. \u00c8 il primo affittacamere nato nel borgo alle pendici del monte Pollino e dal 2007 ospita i suoi clienti in spazi confortevoli ed eleganti. Accoglienza e cordialit\u00e0 sono alla base della nostra attivit\u00e0. \u00c8 l\u2019ideale per famiglie e bambini, gruppi&#8230;<\/p>\n","protected":false},"author":2,"featured_media":13056,"comment_status":"open","ping_status":"open","sticky":false,"template":"","format":"standard","meta":{"_kad_post_transparent":"","_kad_post_title":"","_kad_post_layout":"","_kad_post_sidebar_id":"","_kad_post_content_style":"","_kad_post_vertical_padding":"","_kad_post_feature":"","_kad_post_feature_position":"","_kad_post_header":false,"_kad_post_footer":false,"footnotes":""},"categories":[12],"tags":[],"class_list":["post-13055","post","type-post","status-publish","format-standard","has-post-thumbnail","hentry","category-aziende-primi-posti"],"yoast_head":"<!-- This site is optimized with the Yoast SEO plugin v24.9 - https:\/\/yoast.com\/wordpress\/plugins\/seo\/ -->\n<title>LA STELLA DEL POLLINO |<\/title>\n<meta name=\"description\" content=\"L\u2019affittacamere in montagna La Stella del Pollino si trova nel cuore di San Lorenzo Bellizzi. \u00c8 il primo affittacamere nato nel borgo alle pendici del monte Pollino e dal 2007 ospita i suoi clienti in spazi confortevoli ed eleganti. Accoglienza e cordialit\u00e0 sono alla base della nostra attivit\u00e0. \u00c8 l\u2019ideale per famiglie e bambini, gruppi di amici o soggiorni in solitaria per godere del relax che offre il borgo.\" \/>\n<meta name=\"robots\" content=\"index, follow, max-snippet:-1, max-image-preview:large, max-video-preview:-1\" \/>\n<link rel=\"canonical\" href=\"https:\/\/www.primiposti.it\/blog\/affittacamere-in-montagna\/\" \/>\n<meta property=\"og:locale\" content=\"it_IT\" \/>\n<meta property=\"og:type\" content=\"article\" \/>\n<meta property=\"og:title\" content=\"affittacamere in montagna\" \/>\n<meta property=\"og:description\" content=\"L\u2019affittacamere in montagna La Stella del Pollino si trova nel cuore di San Lorenzo Bellizzi. \u00c8 il primo affittacamere nato nel borgo alle pendici del monte Pollino e dal 2007 ospita i suoi clienti in spazi confortevoli ed eleganti. Accoglienza e cordialit\u00e0 sono alla base della nostra attivit\u00e0. \u00c8 l\u2019ideale per famiglie e bambini, gruppi di amici o soggiorni in solitaria per godere del relax che offre il borgo.\" \/>\n<meta property=\"og:url\" content=\"https:\/\/www.primiposti.it\/blog\/affittacamere-in-montagna\/\" \/>\n<meta property=\"og:site_name\" content=\"Il blog\" \/>\n<meta property=\"article:publisher\" content=\"https:\/\/www.facebook.com\/PaginemailItalia\" \/>\n<meta property=\"article:published_time\" content=\"2025-10-09T21:56:11+00:00\" \/>\n<meta property=\"og:image\" content=\"https:\/\/www.primiposti.it\/blog\/wp-content\/uploads\/2025\/10\/logo-pollino-blog.png\" \/>\n\t<meta property=\"og:image:width\" content=\"370\" \/>\n\t<meta property=\"og:image:height\" content=\"276\" \/>\n\t<meta property=\"og:image:type\" content=\"image\/png\" \/>\n<meta name=\"author\" content=\"Lisa Pitruzzella\" \/>\n<meta name=\"twitter:card\" content=\"summary_large_image\" \/>\n<meta name=\"twitter:label1\" content=\"Scritto da\" \/>\n\t<meta name=\"twitter:data1\" content=\"Lisa Pitruzzella\" \/>\n\t<meta name=\"twitter:label2\" content=\"Tempo di lettura stimato\" \/>\n\t<meta name=\"twitter:data2\" content=\"1 minuto\" \/>\n<script type=\"application\/ld+json\" class=\"yoast-schema-graph\">{\"@context\":\"https:\/\/schema.org\",\"@graph\":[{\"@type\":\"Article\",\"@id\":\"https:\/\/www.primiposti.it\/blog\/affittacamere-in-montagna\/#article\",\"isPartOf\":{\"@id\":\"https:\/\/www.primiposti.it\/blog\/affittacamere-in-montagna\/\"},\"author\":{\"name\":\"Lisa Pitruzzella\",\"@id\":\"https:\/\/www.primiposti.it\/blog\/#\/schema\/person\/8cd66dd7f6740fa23469505462095978\"},\"headline\":\"LA STELLA DEL POLLINO\",\"datePublished\":\"2025-10-09T21:56:11+00:00\",\"mainEntityOfPage\":{\"@id\":\"https:\/\/www.primiposti.it\/blog\/affittacamere-in-montagna\/\"},\"wordCount\":127,\"commentCount\":0,\"publisher\":{\"@id\":\"https:\/\/www.primiposti.it\/blog\/#organization\"},\"image\":{\"@id\":\"https:\/\/www.primiposti.it\/blog\/affittacamere-in-montagna\/#primaryimage\"},\"thumbnailUrl\":\"https:\/\/www.primiposti.it\/blog\/wp-content\/uploads\/2025\/10\/logo-pollino-blog.png\",\"articleSection\":[\"Aziende Primi Posti\"],\"inLanguage\":\"it-IT\",\"potentialAction\":[{\"@type\":\"CommentAction\",\"name\":\"Comment\",\"target\":[\"https:\/\/www.primiposti.it\/blog\/affittacamere-in-montagna\/#respond\"]}]},{\"@type\":\"WebPage\",\"@id\":\"https:\/\/www.primiposti.it\/blog\/affittacamere-in-montagna\/\",\"url\":\"https:\/\/www.primiposti.it\/blog\/affittacamere-in-montagna\/\",\"name\":\"LA STELLA DEL POLLINO |\",\"isPartOf\":{\"@id\":\"https:\/\/www.primiposti.it\/blog\/#website\"},\"primaryImageOfPage\":{\"@id\":\"https:\/\/www.primiposti.it\/blog\/affittacamere-in-montagna\/#primaryimage\"},\"image\":{\"@id\":\"https:\/\/www.primiposti.it\/blog\/affittacamere-in-montagna\/#primaryimage\"},\"thumbnailUrl\":\"https:\/\/www.primiposti.it\/blog\/wp-content\/uploads\/2025\/10\/logo-pollino-blog.png\",\"datePublished\":\"2025-10-09T21:56:11+00:00\",\"description\":\"L\u2019affittacamere in montagna La Stella del Pollino si trova nel cuore di San Lorenzo Bellizzi. \u00c8 il primo affittacamere nato nel borgo alle pendici del monte Pollino e dal 2007 ospita i suoi clienti in spazi confortevoli ed eleganti. Accoglienza e cordialit\u00e0 sono alla base della nostra attivit\u00e0. \u00c8 l\u2019ideale per famiglie e bambini, gruppi di amici o soggiorni in solitaria per godere del relax che offre il borgo.\",\"breadcrumb\":{\"@id\":\"https:\/\/www.primiposti.it\/blog\/affittacamere-in-montagna\/#breadcrumb\"},\"inLanguage\":\"it-IT\",\"potentialAction\":[{\"@type\":\"ReadAction\",\"target\":[\"https:\/\/www.primiposti.it\/blog\/affittacamere-in-montagna\/\"]}]},{\"@type\":\"ImageObject\",\"inLanguage\":\"it-IT\",\"@id\":\"https:\/\/www.primiposti.it\/blog\/affittacamere-in-montagna\/#primaryimage\",\"url\":\"https:\/\/www.primiposti.it\/blog\/wp-content\/uploads\/2025\/10\/logo-pollino-blog.png\",\"contentUrl\":\"https:\/\/www.primiposti.it\/blog\/wp-content\/uploads\/2025\/10\/logo-pollino-blog.png\",\"width\":370,\"height\":276},{\"@type\":\"BreadcrumbList\",\"@id\":\"https:\/\/www.primiposti.it\/blog\/affittacamere-in-montagna\/#breadcrumb\",\"itemListElement\":[{\"@type\":\"ListItem\",\"position\":1,\"name\":\"Home\",\"item\":\"https:\/\/www.primiposti.it\/blog\/\"},{\"@type\":\"ListItem\",\"position\":2,\"name\":\"LA STELLA DEL POLLINO\"}]},{\"@type\":\"WebSite\",\"@id\":\"https:\/\/www.primiposti.it\/blog\/#website\",\"url\":\"https:\/\/www.primiposti.it\/blog\/\",\"name\":\"Il blog di PrimiPosti\",\"description\":\"Ai primi posti con Primiposti\",\"publisher\":{\"@id\":\"https:\/\/www.primiposti.it\/blog\/#organization\"},\"potentialAction\":[{\"@type\":\"SearchAction\",\"target\":{\"@type\":\"EntryPoint\",\"urlTemplate\":\"https:\/\/www.primiposti.it\/blog\/?s={search_term_string}\"},\"query-input\":{\"@type\":\"PropertyValueSpecification\",\"valueRequired\":true,\"valueName\":\"search_term_string\"}}],\"inLanguage\":\"it-IT\"},{\"@type\":\"Organization\",\"@id\":\"https:\/\/www.primiposti.it\/blog\/#organization\",\"name\":\"Primi Posti\",\"url\":\"https:\/\/www.primiposti.it\/blog\/\",\"logo\":{\"@type\":\"ImageObject\",\"inLanguage\":\"it-IT\",\"@id\":\"https:\/\/www.primiposti.it\/blog\/#\/schema\/logo\/image\/\",\"url\":\"https:\/\/www.primiposti.it\/blog\/wp-content\/uploads\/2023\/03\/logo-primi-posti.png\",\"contentUrl\":\"https:\/\/www.primiposti.it\/blog\/wp-content\/uploads\/2023\/03\/logo-primi-posti.png\",\"width\":134,\"height\":34,\"caption\":\"Primi Posti\"},\"image\":{\"@id\":\"https:\/\/www.primiposti.it\/blog\/#\/schema\/logo\/image\/\"},\"sameAs\":[\"https:\/\/www.facebook.com\/PaginemailItalia\"]},{\"@type\":\"Person\",\"@id\":\"https:\/\/www.primiposti.it\/blog\/#\/schema\/person\/8cd66dd7f6740fa23469505462095978\",\"name\":\"Lisa Pitruzzella\",\"image\":{\"@type\":\"ImageObject\",\"inLanguage\":\"it-IT\",\"@id\":\"https:\/\/www.primiposti.it\/blog\/#\/schema\/person\/image\/\",\"url\":\"https:\/\/secure.gravatar.com\/avatar\/616289f2518c56758d40a828bea03f5d2c0505ef584f47c84630af81e05aa324?s=96&d=wp_user_avatar&r=g\",\"contentUrl\":\"https:\/\/secure.gravatar.com\/avatar\/616289f2518c56758d40a828bea03f5d2c0505ef584f47c84630af81e05aa324?s=96&d=wp_user_avatar&r=g\",\"caption\":\"Lisa Pitruzzella\"},\"url\":\"https:\/\/www.primiposti.it\/blog\/author\/lisa-pitruzzella\/\"}]}<\/script>\n<!-- \/ Yoast SEO plugin. -->","yoast_head_json":{"title":"LA STELLA DEL POLLINO |","description":"L\u2019affittacamere in montagna La Stella del Pollino si trova nel cuore di San Lorenzo Bellizzi. \u00c8 il primo affittacamere nato nel borgo alle pendici del monte Pollino e dal 2007 ospita i suoi clienti in spazi confortevoli ed eleganti. Accoglienza e cordialit\u00e0 sono alla base della nostra attivit\u00e0. \u00c8 l\u2019ideale per famiglie e bambini, gruppi di amici o soggiorni in solitaria per godere del relax che offre il borgo.","robots":{"index":"index","follow":"follow","max-snippet":"max-snippet:-1","max-image-preview":"max-image-preview:large","max-video-preview":"max-video-preview:-1"},"canonical":"https:\/\/www.primiposti.it\/blog\/affittacamere-in-montagna\/","og_locale":"it_IT","og_type":"article","og_title":"affittacamere in montagna","og_description":"L\u2019affittacamere in montagna La Stella del Pollino si trova nel cuore di San Lorenzo Bellizzi. \u00c8 il primo affittacamere nato nel borgo alle pendici del monte Pollino e dal 2007 ospita i suoi clienti in spazi confortevoli ed eleganti. Accoglienza e cordialit\u00e0 sono alla base della nostra attivit\u00e0. \u00c8 l\u2019ideale per famiglie e bambini, gruppi di amici o soggiorni in solitaria per godere del relax che offre il borgo.","og_url":"https:\/\/www.primiposti.it\/blog\/affittacamere-in-montagna\/","og_site_name":"Il blog","article_publisher":"https:\/\/www.facebook.com\/PaginemailItalia","article_published_time":"2025-10-09T21:56:11+00:00","og_image":[{"width":370,"height":276,"url":"https:\/\/www.primiposti.it\/blog\/wp-content\/uploads\/2025\/10\/logo-pollino-blog.png","type":"image\/png"}],"author":"Lisa Pitruzzella","twitter_card":"summary_large_image","twitter_misc":{"Scritto da":"Lisa Pitruzzella","Tempo di lettura stimato":"1 minuto"},"schema":{"@context":"https:\/\/schema.org","@graph":[{"@type":"Article","@id":"https:\/\/www.primiposti.it\/blog\/affittacamere-in-montagna\/#article","isPartOf":{"@id":"https:\/\/www.primiposti.it\/blog\/affittacamere-in-montagna\/"},"author":{"name":"Lisa Pitruzzella","@id":"https:\/\/www.primiposti.it\/blog\/#\/schema\/person\/8cd66dd7f6740fa23469505462095978"},"headline":"LA STELLA DEL POLLINO","datePublished":"2025-10-09T21:56:11+00:00","mainEntityOfPage":{"@id":"https:\/\/www.primiposti.it\/blog\/affittacamere-in-montagna\/"},"wordCount":127,"commentCount":0,"publisher":{"@id":"https:\/\/www.primiposti.it\/blog\/#organization"},"image":{"@id":"https:\/\/www.primiposti.it\/blog\/affittacamere-in-montagna\/#primaryimage"},"thumbnailUrl":"https:\/\/www.primiposti.it\/blog\/wp-content\/uploads\/2025\/10\/logo-pollino-blog.png","articleSection":["Aziende Primi Posti"],"inLanguage":"it-IT","potentialAction":[{"@type":"CommentAction","name":"Comment","target":["https:\/\/www.primiposti.it\/blog\/affittacamere-in-montagna\/#respond"]}]},{"@type":"WebPage","@id":"https:\/\/www.primiposti.it\/blog\/affittacamere-in-montagna\/","url":"https:\/\/www.primiposti.it\/blog\/affittacamere-in-montagna\/","name":"LA STELLA DEL POLLINO |","isPartOf":{"@id":"https:\/\/www.primiposti.it\/blog\/#website"},"primaryImageOfPage":{"@id":"https:\/\/www.primiposti.it\/blog\/affittacamere-in-montagna\/#primaryimage"},"image":{"@id":"https:\/\/www.primiposti.it\/blog\/affittacamere-in-montagna\/#primaryimage"},"thumbnailUrl":"https:\/\/www.primiposti.it\/blog\/wp-content\/uploads\/2025\/10\/logo-pollino-blog.png","datePublished":"2025-10-09T21:56:11+00:00","description":"L\u2019affittacamere in montagna La Stella del Pollino si trova nel cuore di San Lorenzo Bellizzi. \u00c8 il primo affittacamere nato nel borgo alle pendici del monte Pollino e dal 2007 ospita i suoi clienti in spazi confortevoli ed eleganti. Accoglienza e cordialit\u00e0 sono alla base della nostra attivit\u00e0. \u00c8 l\u2019ideale per famiglie e bambini, gruppi di amici o soggiorni in solitaria per godere del relax che offre il borgo.","breadcrumb":{"@id":"https:\/\/www.primiposti.it\/blog\/affittacamere-in-montagna\/#breadcrumb"},"inLanguage":"it-IT","potentialAction":[{"@type":"ReadAction","target":["https:\/\/www.primiposti.it\/blog\/affittacamere-in-montagna\/"]}]},{"@type":"ImageObject","inLanguage":"it-IT","@id":"https:\/\/www.primiposti.it\/blog\/affittacamere-in-montagna\/#primaryimage","url":"https:\/\/www.primiposti.it\/blog\/wp-content\/uploads\/2025\/10\/logo-pollino-blog.png","contentUrl":"https:\/\/www.primiposti.it\/blog\/wp-content\/uploads\/2025\/10\/logo-pollino-blog.png","width":370,"height":276},{"@type":"BreadcrumbList","@id":"https:\/\/www.primiposti.it\/blog\/affittacamere-in-montagna\/#breadcrumb","itemListElement":[{"@type":"ListItem","position":1,"name":"Home","item":"https:\/\/www.primiposti.it\/blog\/"},{"@type":"ListItem","position":2,"name":"LA STELLA DEL POLLINO"}]},{"@type":"WebSite","@id":"https:\/\/www.primiposti.it\/blog\/#website","url":"https:\/\/www.primiposti.it\/blog\/","name":"Il blog di PrimiPosti","description":"Ai primi posti con Primiposti","publisher":{"@id":"https:\/\/www.primiposti.it\/blog\/#organization"},"potentialAction":[{"@type":"SearchAction","target":{"@type":"EntryPoint","urlTemplate":"https:\/\/www.primiposti.it\/blog\/?s={search_term_string}"},"query-input":{"@type":"PropertyValueSpecification","valueRequired":true,"valueName":"search_term_string"}}],"inLanguage":"it-IT"},{"@type":"Organization","@id":"https:\/\/www.primiposti.it\/blog\/#organization","name":"Primi Posti","url":"https:\/\/www.primiposti.it\/blog\/","logo":{"@type":"ImageObject","inLanguage":"it-IT","@id":"https:\/\/www.primiposti.it\/blog\/#\/schema\/logo\/image\/","url":"https:\/\/www.primiposti.it\/blog\/wp-content\/uploads\/2023\/03\/logo-primi-posti.png","contentUrl":"https:\/\/www.primiposti.it\/blog\/wp-content\/uploads\/2023\/03\/logo-primi-posti.png","width":134,"height":34,"caption":"Primi Posti"},"image":{"@id":"https:\/\/www.primiposti.it\/blog\/#\/schema\/logo\/image\/"},"sameAs":["https:\/\/www.facebook.com\/PaginemailItalia"]},{"@type":"Person","@id":"https:\/\/www.primiposti.it\/blog\/#\/schema\/person\/8cd66dd7f6740fa23469505462095978","name":"Lisa Pitruzzella","image":{"@type":"ImageObject","inLanguage":"it-IT","@id":"https:\/\/www.primiposti.it\/blog\/#\/schema\/person\/image\/","url":"https:\/\/secure.gravatar.com\/avatar\/616289f2518c56758d40a828bea03f5d2c0505ef584f47c84630af81e05aa324?s=96&d=wp_user_avatar&r=g","contentUrl":"https:\/\/secure.gravatar.com\/avatar\/616289f2518c56758d40a828bea03f5d2c0505ef584f47c84630af81e05aa324?s=96&d=wp_user_avatar&r=g","caption":"Lisa Pitruzzella"},"url":"https:\/\/www.primiposti.it\/blog\/author\/lisa-pitruzzella\/"}]}},"_links":{"self":[{"href":"https:\/\/www.primiposti.it\/blog\/wp-json\/wp\/v2\/posts\/13055","targetHints":{"allow":["GET"]}}],"collection":[{"href":"https:\/\/www.primiposti.it\/blog\/wp-json\/wp\/v2\/posts"}],"about":[{"href":"https:\/\/www.primiposti.it\/blog\/wp-json\/wp\/v2\/types\/post"}],"author":[{"embeddable":true,"href":"https:\/\/www.primiposti.it\/blog\/wp-json\/wp\/v2\/users\/2"}],"replies":[{"embeddable":true,"href":"https:\/\/www.primiposti.it\/blog\/wp-json\/wp\/v2\/comments?post=13055"}],"version-history":[{"count":1,"href":"https:\/\/www.primiposti.it\/blog\/wp-json\/wp\/v2\/posts\/13055\/revisions"}],"predecessor-version":[{"id":13057,"href":"https:\/\/www.primiposti.it\/blog\/wp-json\/wp\/v2\/posts\/13055\/revisions\/13057"}],"wp:featuredmedia":[{"embeddable":true,"href":"https:\/\/www.primiposti.it\/blog\/wp-json\/wp\/v2\/media\/13056"}],"wp:attachment":[{"href":"https:\/\/www.primiposti.it\/blog\/wp-json\/wp\/v2\/media?parent=13055"}],"wp:term":[{"taxonomy":"category","embeddable":true,"href":"https:\/\/www.primiposti.it\/blog\/wp-json\/wp\/v2\/categories?post=13055"},{"taxonomy":"post_tag","embeddable":true,"href":"https:\/\/www.primiposti.it\/blog\/wp-json\/wp\/v2\/tags?post=13055"}],"curies":[{"name":"wp","href":"https:\/\/api.w.org\/{rel}","templated":true}]}}