{"id":13058,"date":"2025-10-10T09:41:28","date_gmt":"2025-10-10T11:41:56","guid":{"rendered":"https:\/\/www.primiposti.it\/blog\/?p=13058"},"modified":"2025-10-10T09:43:12","modified_gmt":"2025-10-10T07:43:12","slug":"interior-design","status":"publish","type":"post","link":"https:\/\/www.primiposti.it\/blog\/interior-design\/","title":{"rendered":"ARCHITETTO FRANCESCA LENZI"},"content":{"rendered":"\n<p>Dal 1991, lo Studio di Architettura di Francesca Lenzi opera nel campo dell&#8217;architettura sostenibile, promuovendo progetti orientati alla smart city e alla cittadinanza attiva, contribuendo concretamente alla costruzione delle citt\u00e0 del futuro con i suoi interventi di <a href=\"https:\/\/www.paginemail.it\/architetto-francesca-lenzi.html\">interior design<\/a>.<\/p>\n\n\n\n<p>Lo studio segue progetti di&nbsp; ristrutturazione edilizia nuove costruzioni riqualificazione urbana, rigenerazione di spazi pubblici e privati, innovazione sociale e recupero dei beni comuni, con un approccio multidisciplinare che integra architettura, arte e sostenibilit\u00e0. Specializzazione primaria portare la ristrutturazione ad un&#8217;identit\u00e0 estetica su misura, con specificit\u00e0&nbsp; culturale e simbolica degli spazi<\/p>\n\n\n\n<p>Servizi offerti:<\/p>\n\n\n\n<p>Progettazione preliminare, definitiva ed esecutiva<\/p>\n\n\n\n<p>Presentazione pratiche edilizie e gestione iter autorizzativi<\/p>\n\n\n\n<p>Direzione lavori<\/p>\n\n\n\n<p>Direzione artistica, elemento distintivo dello studio, con una particolare cura per l\u2019identit\u00e0 estetica, culturale e simbolica degli spazi<\/p>\n\n\n\n<p>Consulenze per progetti di innovazione urbana, arte pubblica e sostenibilit\u00e0 ambientale<\/p>\n\n\n\n<p>Progettazione e realizzazione di allestimenti e spazi privati e commerciali<\/p>\n\n\n\n<p>Collaborazioni su progetti di food innovation e ricerca applicata<\/p>\n\n\n\n<p>Francesca Lenzi segue ogni fase del progetto con attenzione e competenza, per committenze pubbliche e private, sia a livello nazionale che internazionale. Dal 2008 \u00e8 Presidente della Cooperativa Le Ali, con cui promuove progetti culturali e artistici innovativi in ambito urbano e sociale.<\/p>\n\n\n\n<p>Tra i progetti di rilievo, ha ideato una bicicletta che genera energia, utilizzata per l\u2019illuminazione di alberi di Natale, presentata anche al TG RAI 1. Le sue opere sono state pubblicate su riviste e quotidiani nazionali e locali.<\/p>\n\n\n\n<p>Lo Studio Francesca Lenzi si distingue per un approccio integrato, dove ogni progetto \u00e8 un\u2019occasione per generare valore condiviso, bellezza e sostenibilit\u00e0, al servizio delle comunit\u00e0 e dei territori.<\/p>\n","protected":false},"excerpt":{"rendered":"<p>Dal 1991, lo Studio di Architettura di Francesca Lenzi opera nel campo dell&#8217;architettura sostenibile, promuovendo progetti orientati alla smart city e alla cittadinanza attiva, contribuendo concretamente alla costruzione delle citt\u00e0 del futuro con i suoi interventi di interior design. Lo studio segue progetti di&nbsp; ristrutturazione edilizia nuove costruzioni riqualificazione urbana, rigenerazione di spazi pubblici e&#8230;<\/p>\n","protected":false},"author":2,"featured_media":13059,"comment_status":"open","ping_status":"open","sticky":false,"template":"","format":"standard","meta":{"_kad_post_transparent":"","_kad_post_title":"","_kad_post_layout":"","_kad_post_sidebar_id":"","_kad_post_content_style":"","_kad_post_vertical_padding":"","_kad_post_feature":"","_kad_post_feature_position":"","_kad_post_header":false,"_kad_post_footer":false,"footnotes":""},"categories":[12],"tags":[],"class_list":["post-13058","post","type-post","status-publish","format-standard","has-post-thumbnail","hentry","category-aziende-primi-posti"],"yoast_head":"<!-- This site is optimized with the Yoast SEO plugin v24.9 - https:\/\/yoast.com\/wordpress\/plugins\/seo\/ -->\n<title>ARCHITETTO FRANCESCA LENZI |<\/title>\n<meta name=\"description\" content=\"Dal 1991, lo Studio di Architettura di Francesca Lenzi opera nel campo dell&#039;architettura sostenibile, promuovendo progetti orientati alla smart city e alla cittadinanza attiva, contribuendo concretamente alla costruzione delle citt\u00e0 del futuro con i suoi interventi di interior design.\" \/>\n<meta name=\"robots\" content=\"index, follow, max-snippet:-1, max-image-preview:large, max-video-preview:-1\" \/>\n<link rel=\"canonical\" href=\"https:\/\/www.primiposti.it\/blog\/interior-design\/\" \/>\n<meta property=\"og:locale\" content=\"it_IT\" \/>\n<meta property=\"og:type\" content=\"article\" \/>\n<meta property=\"og:title\" content=\"interior design\" \/>\n<meta property=\"og:description\" content=\"Dal 1991, lo Studio di Architettura di Francesca Lenzi opera nel campo dell&#039;architettura sostenibile, promuovendo progetti orientati alla smart city e alla cittadinanza attiva, contribuendo concretamente alla costruzione delle citt\u00e0 del futuro con i suoi interventi di interior design.\" \/>\n<meta property=\"og:url\" content=\"https:\/\/www.primiposti.it\/blog\/interior-design\/\" \/>\n<meta property=\"og:site_name\" content=\"Il blog\" \/>\n<meta property=\"article:publisher\" content=\"https:\/\/www.facebook.com\/PaginemailItalia\" \/>\n<meta property=\"article:published_time\" content=\"2025-10-10T11:41:56+00:00\" \/>\n<meta property=\"og:image\" content=\"https:\/\/www.primiposti.it\/blog\/wp-content\/uploads\/2025\/10\/logo-francesca-blog.png\" \/>\n\t<meta property=\"og:image:width\" content=\"370\" \/>\n\t<meta property=\"og:image:height\" content=\"297\" \/>\n\t<meta property=\"og:image:type\" content=\"image\/png\" \/>\n<meta name=\"author\" content=\"Lisa Pitruzzella\" \/>\n<meta name=\"twitter:card\" content=\"summary_large_image\" \/>\n<meta name=\"twitter:label1\" content=\"Scritto da\" \/>\n\t<meta name=\"twitter:data1\" content=\"Lisa Pitruzzella\" \/>\n\t<meta name=\"twitter:label2\" content=\"Tempo di lettura stimato\" \/>\n\t<meta name=\"twitter:data2\" content=\"2 minuti\" \/>\n<script type=\"application\/ld+json\" class=\"yoast-schema-graph\">{\"@context\":\"https:\/\/schema.org\",\"@graph\":[{\"@type\":\"Article\",\"@id\":\"https:\/\/www.primiposti.it\/blog\/interior-design\/#article\",\"isPartOf\":{\"@id\":\"https:\/\/www.primiposti.it\/blog\/interior-design\/\"},\"author\":{\"name\":\"Lisa Pitruzzella\",\"@id\":\"https:\/\/www.primiposti.it\/blog\/#\/schema\/person\/8cd66dd7f6740fa23469505462095978\"},\"headline\":\"ARCHITETTO FRANCESCA LENZI\",\"datePublished\":\"2025-10-10T11:41:56+00:00\",\"mainEntityOfPage\":{\"@id\":\"https:\/\/www.primiposti.it\/blog\/interior-design\/\"},\"wordCount\":267,\"commentCount\":0,\"publisher\":{\"@id\":\"https:\/\/www.primiposti.it\/blog\/#organization\"},\"image\":{\"@id\":\"https:\/\/www.primiposti.it\/blog\/interior-design\/#primaryimage\"},\"thumbnailUrl\":\"https:\/\/www.primiposti.it\/blog\/wp-content\/uploads\/2025\/10\/logo-francesca-blog.png\",\"articleSection\":[\"Aziende Primi Posti\"],\"inLanguage\":\"it-IT\",\"potentialAction\":[{\"@type\":\"CommentAction\",\"name\":\"Comment\",\"target\":[\"https:\/\/www.primiposti.it\/blog\/interior-design\/#respond\"]}]},{\"@type\":\"WebPage\",\"@id\":\"https:\/\/www.primiposti.it\/blog\/interior-design\/\",\"url\":\"https:\/\/www.primiposti.it\/blog\/interior-design\/\",\"name\":\"ARCHITETTO FRANCESCA LENZI |\",\"isPartOf\":{\"@id\":\"https:\/\/www.primiposti.it\/blog\/#website\"},\"primaryImageOfPage\":{\"@id\":\"https:\/\/www.primiposti.it\/blog\/interior-design\/#primaryimage\"},\"image\":{\"@id\":\"https:\/\/www.primiposti.it\/blog\/interior-design\/#primaryimage\"},\"thumbnailUrl\":\"https:\/\/www.primiposti.it\/blog\/wp-content\/uploads\/2025\/10\/logo-francesca-blog.png\",\"datePublished\":\"2025-10-10T11:41:56+00:00\",\"description\":\"Dal 1991, lo Studio di Architettura di Francesca Lenzi opera nel campo dell'architettura sostenibile, promuovendo progetti orientati alla smart city e alla cittadinanza attiva, contribuendo concretamente alla costruzione delle citt\u00e0 del futuro con i suoi interventi di interior design.\",\"breadcrumb\":{\"@id\":\"https:\/\/www.primiposti.it\/blog\/interior-design\/#breadcrumb\"},\"inLanguage\":\"it-IT\",\"potentialAction\":[{\"@type\":\"ReadAction\",\"target\":[\"https:\/\/www.primiposti.it\/blog\/interior-design\/\"]}]},{\"@type\":\"ImageObject\",\"inLanguage\":\"it-IT\",\"@id\":\"https:\/\/www.primiposti.it\/blog\/interior-design\/#primaryimage\",\"url\":\"https:\/\/www.primiposti.it\/blog\/wp-content\/uploads\/2025\/10\/logo-francesca-blog.png\",\"contentUrl\":\"https:\/\/www.primiposti.it\/blog\/wp-content\/uploads\/2025\/10\/logo-francesca-blog.png\",\"width\":370,\"height\":297},{\"@type\":\"BreadcrumbList\",\"@id\":\"https:\/\/www.primiposti.it\/blog\/interior-design\/#breadcrumb\",\"itemListElement\":[{\"@type\":\"ListItem\",\"position\":1,\"name\":\"Home\",\"item\":\"https:\/\/www.primiposti.it\/blog\/\"},{\"@type\":\"ListItem\",\"position\":2,\"name\":\"ARCHITETTO FRANCESCA LENZI\"}]},{\"@type\":\"WebSite\",\"@id\":\"https:\/\/www.primiposti.it\/blog\/#website\",\"url\":\"https:\/\/www.primiposti.it\/blog\/\",\"name\":\"Il blog di PrimiPosti\",\"description\":\"Ai primi posti con Primiposti\",\"publisher\":{\"@id\":\"https:\/\/www.primiposti.it\/blog\/#organization\"},\"potentialAction\":[{\"@type\":\"SearchAction\",\"target\":{\"@type\":\"EntryPoint\",\"urlTemplate\":\"https:\/\/www.primiposti.it\/blog\/?s={search_term_string}\"},\"query-input\":{\"@type\":\"PropertyValueSpecification\",\"valueRequired\":true,\"valueName\":\"search_term_string\"}}],\"inLanguage\":\"it-IT\"},{\"@type\":\"Organization\",\"@id\":\"https:\/\/www.primiposti.it\/blog\/#organization\",\"name\":\"Primi Posti\",\"url\":\"https:\/\/www.primiposti.it\/blog\/\",\"logo\":{\"@type\":\"ImageObject\",\"inLanguage\":\"it-IT\",\"@id\":\"https:\/\/www.primiposti.it\/blog\/#\/schema\/logo\/image\/\",\"url\":\"https:\/\/www.primiposti.it\/blog\/wp-content\/uploads\/2023\/03\/logo-primi-posti.png\",\"contentUrl\":\"https:\/\/www.primiposti.it\/blog\/wp-content\/uploads\/2023\/03\/logo-primi-posti.png\",\"width\":134,\"height\":34,\"caption\":\"Primi Posti\"},\"image\":{\"@id\":\"https:\/\/www.primiposti.it\/blog\/#\/schema\/logo\/image\/\"},\"sameAs\":[\"https:\/\/www.facebook.com\/PaginemailItalia\"]},{\"@type\":\"Person\",\"@id\":\"https:\/\/www.primiposti.it\/blog\/#\/schema\/person\/8cd66dd7f6740fa23469505462095978\",\"name\":\"Lisa Pitruzzella\",\"image\":{\"@type\":\"ImageObject\",\"inLanguage\":\"it-IT\",\"@id\":\"https:\/\/www.primiposti.it\/blog\/#\/schema\/person\/image\/\",\"url\":\"https:\/\/secure.gravatar.com\/avatar\/616289f2518c56758d40a828bea03f5d2c0505ef584f47c84630af81e05aa324?s=96&d=wp_user_avatar&r=g\",\"contentUrl\":\"https:\/\/secure.gravatar.com\/avatar\/616289f2518c56758d40a828bea03f5d2c0505ef584f47c84630af81e05aa324?s=96&d=wp_user_avatar&r=g\",\"caption\":\"Lisa Pitruzzella\"},\"url\":\"https:\/\/www.primiposti.it\/blog\/author\/lisa-pitruzzella\/\"}]}<\/script>\n<!-- \/ Yoast SEO plugin. -->","yoast_head_json":{"title":"ARCHITETTO FRANCESCA LENZI |","description":"Dal 1991, lo Studio di Architettura di Francesca Lenzi opera nel campo dell'architettura sostenibile, promuovendo progetti orientati alla smart city e alla cittadinanza attiva, contribuendo concretamente alla costruzione delle citt\u00e0 del futuro con i suoi interventi di interior design.","robots":{"index":"index","follow":"follow","max-snippet":"max-snippet:-1","max-image-preview":"max-image-preview:large","max-video-preview":"max-video-preview:-1"},"canonical":"https:\/\/www.primiposti.it\/blog\/interior-design\/","og_locale":"it_IT","og_type":"article","og_title":"interior design","og_description":"Dal 1991, lo Studio di Architettura di Francesca Lenzi opera nel campo dell'architettura sostenibile, promuovendo progetti orientati alla smart city e alla cittadinanza attiva, contribuendo concretamente alla costruzione delle citt\u00e0 del futuro con i suoi interventi di interior design.","og_url":"https:\/\/www.primiposti.it\/blog\/interior-design\/","og_site_name":"Il blog","article_publisher":"https:\/\/www.facebook.com\/PaginemailItalia","article_published_time":"2025-10-10T11:41:56+00:00","og_image":[{"width":370,"height":297,"url":"https:\/\/www.primiposti.it\/blog\/wp-content\/uploads\/2025\/10\/logo-francesca-blog.png","type":"image\/png"}],"author":"Lisa Pitruzzella","twitter_card":"summary_large_image","twitter_misc":{"Scritto da":"Lisa Pitruzzella","Tempo di lettura stimato":"2 minuti"},"schema":{"@context":"https:\/\/schema.org","@graph":[{"@type":"Article","@id":"https:\/\/www.primiposti.it\/blog\/interior-design\/#article","isPartOf":{"@id":"https:\/\/www.primiposti.it\/blog\/interior-design\/"},"author":{"name":"Lisa Pitruzzella","@id":"https:\/\/www.primiposti.it\/blog\/#\/schema\/person\/8cd66dd7f6740fa23469505462095978"},"headline":"ARCHITETTO FRANCESCA LENZI","datePublished":"2025-10-10T11:41:56+00:00","mainEntityOfPage":{"@id":"https:\/\/www.primiposti.it\/blog\/interior-design\/"},"wordCount":267,"commentCount":0,"publisher":{"@id":"https:\/\/www.primiposti.it\/blog\/#organization"},"image":{"@id":"https:\/\/www.primiposti.it\/blog\/interior-design\/#primaryimage"},"thumbnailUrl":"https:\/\/www.primiposti.it\/blog\/wp-content\/uploads\/2025\/10\/logo-francesca-blog.png","articleSection":["Aziende Primi Posti"],"inLanguage":"it-IT","potentialAction":[{"@type":"CommentAction","name":"Comment","target":["https:\/\/www.primiposti.it\/blog\/interior-design\/#respond"]}]},{"@type":"WebPage","@id":"https:\/\/www.primiposti.it\/blog\/interior-design\/","url":"https:\/\/www.primiposti.it\/blog\/interior-design\/","name":"ARCHITETTO FRANCESCA LENZI |","isPartOf":{"@id":"https:\/\/www.primiposti.it\/blog\/#website"},"primaryImageOfPage":{"@id":"https:\/\/www.primiposti.it\/blog\/interior-design\/#primaryimage"},"image":{"@id":"https:\/\/www.primiposti.it\/blog\/interior-design\/#primaryimage"},"thumbnailUrl":"https:\/\/www.primiposti.it\/blog\/wp-content\/uploads\/2025\/10\/logo-francesca-blog.png","datePublished":"2025-10-10T11:41:56+00:00","description":"Dal 1991, lo Studio di Architettura di Francesca Lenzi opera nel campo dell'architettura sostenibile, promuovendo progetti orientati alla smart city e alla cittadinanza attiva, contribuendo concretamente alla costruzione delle citt\u00e0 del futuro con i suoi interventi di interior design.","breadcrumb":{"@id":"https:\/\/www.primiposti.it\/blog\/interior-design\/#breadcrumb"},"inLanguage":"it-IT","potentialAction":[{"@type":"ReadAction","target":["https:\/\/www.primiposti.it\/blog\/interior-design\/"]}]},{"@type":"ImageObject","inLanguage":"it-IT","@id":"https:\/\/www.primiposti.it\/blog\/interior-design\/#primaryimage","url":"https:\/\/www.primiposti.it\/blog\/wp-content\/uploads\/2025\/10\/logo-francesca-blog.png","contentUrl":"https:\/\/www.primiposti.it\/blog\/wp-content\/uploads\/2025\/10\/logo-francesca-blog.png","width":370,"height":297},{"@type":"BreadcrumbList","@id":"https:\/\/www.primiposti.it\/blog\/interior-design\/#breadcrumb","itemListElement":[{"@type":"ListItem","position":1,"name":"Home","item":"https:\/\/www.primiposti.it\/blog\/"},{"@type":"ListItem","position":2,"name":"ARCHITETTO FRANCESCA LENZI"}]},{"@type":"WebSite","@id":"https:\/\/www.primiposti.it\/blog\/#website","url":"https:\/\/www.primiposti.it\/blog\/","name":"Il blog di PrimiPosti","description":"Ai primi posti con Primiposti","publisher":{"@id":"https:\/\/www.primiposti.it\/blog\/#organization"},"potentialAction":[{"@type":"SearchAction","target":{"@type":"EntryPoint","urlTemplate":"https:\/\/www.primiposti.it\/blog\/?s={search_term_string}"},"query-input":{"@type":"PropertyValueSpecification","valueRequired":true,"valueName":"search_term_string"}}],"inLanguage":"it-IT"},{"@type":"Organization","@id":"https:\/\/www.primiposti.it\/blog\/#organization","name":"Primi Posti","url":"https:\/\/www.primiposti.it\/blog\/","logo":{"@type":"ImageObject","inLanguage":"it-IT","@id":"https:\/\/www.primiposti.it\/blog\/#\/schema\/logo\/image\/","url":"https:\/\/www.primiposti.it\/blog\/wp-content\/uploads\/2023\/03\/logo-primi-posti.png","contentUrl":"https:\/\/www.primiposti.it\/blog\/wp-content\/uploads\/2023\/03\/logo-primi-posti.png","width":134,"height":34,"caption":"Primi Posti"},"image":{"@id":"https:\/\/www.primiposti.it\/blog\/#\/schema\/logo\/image\/"},"sameAs":["https:\/\/www.facebook.com\/PaginemailItalia"]},{"@type":"Person","@id":"https:\/\/www.primiposti.it\/blog\/#\/schema\/person\/8cd66dd7f6740fa23469505462095978","name":"Lisa Pitruzzella","image":{"@type":"ImageObject","inLanguage":"it-IT","@id":"https:\/\/www.primiposti.it\/blog\/#\/schema\/person\/image\/","url":"https:\/\/secure.gravatar.com\/avatar\/616289f2518c56758d40a828bea03f5d2c0505ef584f47c84630af81e05aa324?s=96&d=wp_user_avatar&r=g","contentUrl":"https:\/\/secure.gravatar.com\/avatar\/616289f2518c56758d40a828bea03f5d2c0505ef584f47c84630af81e05aa324?s=96&d=wp_user_avatar&r=g","caption":"Lisa Pitruzzella"},"url":"https:\/\/www.primiposti.it\/blog\/author\/lisa-pitruzzella\/"}]}},"_links":{"self":[{"href":"https:\/\/www.primiposti.it\/blog\/wp-json\/wp\/v2\/posts\/13058","targetHints":{"allow":["GET"]}}],"collection":[{"href":"https:\/\/www.primiposti.it\/blog\/wp-json\/wp\/v2\/posts"}],"about":[{"href":"https:\/\/www.primiposti.it\/blog\/wp-json\/wp\/v2\/types\/post"}],"author":[{"embeddable":true,"href":"https:\/\/www.primiposti.it\/blog\/wp-json\/wp\/v2\/users\/2"}],"replies":[{"embeddable":true,"href":"https:\/\/www.primiposti.it\/blog\/wp-json\/wp\/v2\/comments?post=13058"}],"version-history":[{"count":1,"href":"https:\/\/www.primiposti.it\/blog\/wp-json\/wp\/v2\/posts\/13058\/revisions"}],"predecessor-version":[{"id":13060,"href":"https:\/\/www.primiposti.it\/blog\/wp-json\/wp\/v2\/posts\/13058\/revisions\/13060"}],"wp:featuredmedia":[{"embeddable":true,"href":"https:\/\/www.primiposti.it\/blog\/wp-json\/wp\/v2\/media\/13059"}],"wp:attachment":[{"href":"https:\/\/www.primiposti.it\/blog\/wp-json\/wp\/v2\/media?parent=13058"}],"wp:term":[{"taxonomy":"category","embeddable":true,"href":"https:\/\/www.primiposti.it\/blog\/wp-json\/wp\/v2\/categories?post=13058"},{"taxonomy":"post_tag","embeddable":true,"href":"https:\/\/www.primiposti.it\/blog\/wp-json\/wp\/v2\/tags?post=13058"}],"curies":[{"name":"wp","href":"https:\/\/api.w.org\/{rel}","templated":true}]}}