{"id":13615,"date":"2026-02-13T11:45:02","date_gmt":"2026-02-13T12:45:11","guid":{"rendered":"https:\/\/www.primiposti.it\/blog\/?p=13615"},"modified":"2026-02-13T11:53:30","modified_gmt":"2026-02-13T10:53:30","slug":"rivenditori-ufficiali-brand-dea-fea","status":"publish","type":"post","link":"https:\/\/www.primiposti.it\/blog\/rivenditori-ufficiali-brand-dea-fea\/","title":{"rendered":"L&#8217;HORO DI ELY SRLS"},"content":{"rendered":"\n<p>L\u2019HORO DI ELY nasce il 22 ottobre 2017 con una visione chiara e coraggiosa: creare uno spazio in cui l\u2019eleganza si fonde con la diversit\u00e0, valorizzando ogni Donna nella sua unicit\u00e0. Crediamo in una moda inclusiva, capace di esaltare ogni et\u00e0, ogni taglia, ogni provenienza e ogni personalit\u00e0 diventando<a href=\"https:\/\/www.paginemail.it\/lhoro-di-ely-srls.html\"> rivenditori ufficiali brand dea fea<\/a>. La nostra selezione spazia dalle linee classiche alla moda contemporanea, con l\u2019obiettivo di offrire un lusso accessibile e un\u2019esperienza che va oltre la semplice vendita.<\/p>\n\n\n\n<p>Non vendiamo solo abiti: siamo rivenditori di felicit\u00e0, perch\u00e9 ogni capo \u00e8 scelto per far sentire ogni Donna sicura, valorizzata e protagonista..<\/p>\n\n\n\n<p>Nel corso degli anni, L\u2019HORO DI ELY ha ottenuto rilevanza nazionale grazie a iniziative innovative, eventi di grande impatto mediatico e importanti partecipazioni istituzionali, tra cui la sfilata in Campidoglio e la 60\u00aa sfilata per Telethon.<\/p>\n\n\n\n<p>Il nostro impegno \u00e8 stato riconosciuto con prestigiosi premi:<\/p>\n\n\n\n<p>&#x1f3c5; Premio Eccellenze Italiane 2024\/2025<\/p>\n\n\n\n<p>&#x1f3c6; Premio Top 100 Imprenditori Abruzzo 2023<\/p>\n\n\n\n<p>&#x1f3c5; Premio Sinisa 2024<\/p>\n\n\n\n<p>&#x1f3c6; Premio Millionaire Mind 2025<\/p>\n\n\n\n<p>Siamo inoltre orgogliosi di essere rivenditori ufficiali del prestigioso brand Dea Fea, eccellenza della moda italiana, azienda di fama nazionale premiata anche da Forbes.<\/p>\n\n\n\n<p>L\u2019HORO DI ELY \u00e8 rivenditore esclusivo Dea Fea per l\u2019intera regione Abruzzo: le collezioni del brand sono disponibili unicamente presso il nostro punto vendita, rendendoci punto di riferimento assoluto per tutte le clienti abruzzesi che desiderano indossare l\u2019eccellenza firmata Dea Fea.<\/p>\n\n\n\n<p>Ogni giorno portiamo avanti il nostro mantra:<\/p>\n\n\n\n<p>\u201cLa Donna \u00e8 bella sempre, di qualsiasi et\u00e0, taglia e provenienza, ed ogni Donna merita e ha il diritto di sentirsi bella.\u201d<\/p>\n","protected":false},"excerpt":{"rendered":"<p>L\u2019HORO DI ELY nasce il 22 ottobre 2017 con una visione chiara e coraggiosa: creare uno spazio in cui l\u2019eleganza si fonde con la diversit\u00e0, valorizzando ogni Donna nella sua unicit\u00e0. Crediamo in una moda inclusiva, capace di esaltare ogni et\u00e0, ogni taglia, ogni provenienza e ogni personalit\u00e0 diventando rivenditori ufficiali brand dea fea. La&#8230;<\/p>\n","protected":false},"author":2,"featured_media":13616,"comment_status":"open","ping_status":"open","sticky":false,"template":"","format":"standard","meta":{"_kad_post_transparent":"","_kad_post_title":"","_kad_post_layout":"","_kad_post_sidebar_id":"","_kad_post_content_style":"","_kad_post_vertical_padding":"","_kad_post_feature":"","_kad_post_feature_position":"","_kad_post_header":false,"_kad_post_footer":false,"footnotes":""},"categories":[12],"tags":[],"class_list":["post-13615","post","type-post","status-publish","format-standard","has-post-thumbnail","hentry","category-aziende-primi-posti"],"yoast_head":"<!-- This site is optimized with the Yoast SEO plugin v24.9 - https:\/\/yoast.com\/wordpress\/plugins\/seo\/ -->\n<title>L&#039;HORO DI ELY SRLS |<\/title>\n<meta name=\"description\" content=\"L\u2019HORO DI ELY nasce il 22 ottobre 2017 con una visione chiara e coraggiosa: creare uno spazio in cui l\u2019eleganza si fonde con la diversit\u00e0, valorizzando ogni Donna nella sua unicit\u00e0. Crediamo in una moda inclusiva, capace di esaltare ogni et\u00e0, ogni taglia, ogni provenienza e ogni personalit\u00e0 diventando rivenditori ufficiali brand dea fea. La nostra selezione spazia dalle linee classiche alla moda contemporanea, con l\u2019obiettivo di offrire un lusso accessibile e un\u2019esperienza che va oltre la semplice vendita.\" \/>\n<meta name=\"robots\" content=\"index, follow, max-snippet:-1, max-image-preview:large, max-video-preview:-1\" \/>\n<link rel=\"canonical\" href=\"https:\/\/www.primiposti.it\/blog\/rivenditori-ufficiali-brand-dea-fea\/\" \/>\n<meta property=\"og:locale\" content=\"it_IT\" \/>\n<meta property=\"og:type\" content=\"article\" \/>\n<meta property=\"og:title\" content=\"rivenditori ufficiali brand dea fea\" \/>\n<meta property=\"og:description\" content=\"L\u2019HORO DI ELY nasce il 22 ottobre 2017 con una visione chiara e coraggiosa: creare uno spazio in cui l\u2019eleganza si fonde con la diversit\u00e0, valorizzando ogni Donna nella sua unicit\u00e0. Crediamo in una moda inclusiva, capace di esaltare ogni et\u00e0, ogni taglia, ogni provenienza e ogni personalit\u00e0 diventando rivenditori ufficiali brand dea fea. La nostra selezione spazia dalle linee classiche alla moda contemporanea, con l\u2019obiettivo di offrire un lusso accessibile e un\u2019esperienza che va oltre la semplice vendita.\" \/>\n<meta property=\"og:url\" content=\"https:\/\/www.primiposti.it\/blog\/rivenditori-ufficiali-brand-dea-fea\/\" \/>\n<meta property=\"og:site_name\" content=\"Il blog\" \/>\n<meta property=\"article:publisher\" content=\"https:\/\/www.facebook.com\/PaginemailItalia\" \/>\n<meta property=\"article:published_time\" content=\"2026-02-13T12:45:11+00:00\" \/>\n<meta property=\"og:image\" content=\"https:\/\/www.primiposti.it\/blog\/wp-content\/uploads\/2026\/02\/logo-horo-blog.png\" \/>\n\t<meta property=\"og:image:width\" content=\"370\" \/>\n\t<meta property=\"og:image:height\" content=\"298\" \/>\n\t<meta property=\"og:image:type\" content=\"image\/png\" \/>\n<meta name=\"author\" content=\"Lisa Pitruzzella\" \/>\n<meta name=\"twitter:card\" content=\"summary_large_image\" \/>\n<meta name=\"twitter:label1\" content=\"Scritto da\" \/>\n\t<meta name=\"twitter:data1\" content=\"Lisa Pitruzzella\" \/>\n\t<meta name=\"twitter:label2\" content=\"Tempo di lettura stimato\" \/>\n\t<meta name=\"twitter:data2\" content=\"2 minuti\" \/>\n<script type=\"application\/ld+json\" class=\"yoast-schema-graph\">{\"@context\":\"https:\/\/schema.org\",\"@graph\":[{\"@type\":\"Article\",\"@id\":\"https:\/\/www.primiposti.it\/blog\/rivenditori-ufficiali-brand-dea-fea\/#article\",\"isPartOf\":{\"@id\":\"https:\/\/www.primiposti.it\/blog\/rivenditori-ufficiali-brand-dea-fea\/\"},\"author\":{\"name\":\"Lisa Pitruzzella\",\"@id\":\"https:\/\/www.primiposti.it\/blog\/#\/schema\/person\/8cd66dd7f6740fa23469505462095978\"},\"headline\":\"L&#8217;HORO DI ELY SRLS\",\"datePublished\":\"2026-02-13T12:45:11+00:00\",\"mainEntityOfPage\":{\"@id\":\"https:\/\/www.primiposti.it\/blog\/rivenditori-ufficiali-brand-dea-fea\/\"},\"wordCount\":269,\"commentCount\":0,\"publisher\":{\"@id\":\"https:\/\/www.primiposti.it\/blog\/#organization\"},\"image\":{\"@id\":\"https:\/\/www.primiposti.it\/blog\/rivenditori-ufficiali-brand-dea-fea\/#primaryimage\"},\"thumbnailUrl\":\"https:\/\/www.primiposti.it\/blog\/wp-content\/uploads\/2026\/02\/logo-horo-blog.png\",\"articleSection\":[\"Aziende Primi Posti\"],\"inLanguage\":\"it-IT\",\"potentialAction\":[{\"@type\":\"CommentAction\",\"name\":\"Comment\",\"target\":[\"https:\/\/www.primiposti.it\/blog\/rivenditori-ufficiali-brand-dea-fea\/#respond\"]}]},{\"@type\":\"WebPage\",\"@id\":\"https:\/\/www.primiposti.it\/blog\/rivenditori-ufficiali-brand-dea-fea\/\",\"url\":\"https:\/\/www.primiposti.it\/blog\/rivenditori-ufficiali-brand-dea-fea\/\",\"name\":\"L'HORO DI ELY SRLS |\",\"isPartOf\":{\"@id\":\"https:\/\/www.primiposti.it\/blog\/#website\"},\"primaryImageOfPage\":{\"@id\":\"https:\/\/www.primiposti.it\/blog\/rivenditori-ufficiali-brand-dea-fea\/#primaryimage\"},\"image\":{\"@id\":\"https:\/\/www.primiposti.it\/blog\/rivenditori-ufficiali-brand-dea-fea\/#primaryimage\"},\"thumbnailUrl\":\"https:\/\/www.primiposti.it\/blog\/wp-content\/uploads\/2026\/02\/logo-horo-blog.png\",\"datePublished\":\"2026-02-13T12:45:11+00:00\",\"description\":\"L\u2019HORO DI ELY nasce il 22 ottobre 2017 con una visione chiara e coraggiosa: creare uno spazio in cui l\u2019eleganza si fonde con la diversit\u00e0, valorizzando ogni Donna nella sua unicit\u00e0. Crediamo in una moda inclusiva, capace di esaltare ogni et\u00e0, ogni taglia, ogni provenienza e ogni personalit\u00e0 diventando rivenditori ufficiali brand dea fea. La nostra selezione spazia dalle linee classiche alla moda contemporanea, con l\u2019obiettivo di offrire un lusso accessibile e un\u2019esperienza che va oltre la semplice vendita.\",\"breadcrumb\":{\"@id\":\"https:\/\/www.primiposti.it\/blog\/rivenditori-ufficiali-brand-dea-fea\/#breadcrumb\"},\"inLanguage\":\"it-IT\",\"potentialAction\":[{\"@type\":\"ReadAction\",\"target\":[\"https:\/\/www.primiposti.it\/blog\/rivenditori-ufficiali-brand-dea-fea\/\"]}]},{\"@type\":\"ImageObject\",\"inLanguage\":\"it-IT\",\"@id\":\"https:\/\/www.primiposti.it\/blog\/rivenditori-ufficiali-brand-dea-fea\/#primaryimage\",\"url\":\"https:\/\/www.primiposti.it\/blog\/wp-content\/uploads\/2026\/02\/logo-horo-blog.png\",\"contentUrl\":\"https:\/\/www.primiposti.it\/blog\/wp-content\/uploads\/2026\/02\/logo-horo-blog.png\",\"width\":370,\"height\":298},{\"@type\":\"BreadcrumbList\",\"@id\":\"https:\/\/www.primiposti.it\/blog\/rivenditori-ufficiali-brand-dea-fea\/#breadcrumb\",\"itemListElement\":[{\"@type\":\"ListItem\",\"position\":1,\"name\":\"Home\",\"item\":\"https:\/\/www.primiposti.it\/blog\/\"},{\"@type\":\"ListItem\",\"position\":2,\"name\":\"L&#8217;HORO DI ELY SRLS\"}]},{\"@type\":\"WebSite\",\"@id\":\"https:\/\/www.primiposti.it\/blog\/#website\",\"url\":\"https:\/\/www.primiposti.it\/blog\/\",\"name\":\"Il blog di PrimiPosti\",\"description\":\"Ai primi posti con Primiposti\",\"publisher\":{\"@id\":\"https:\/\/www.primiposti.it\/blog\/#organization\"},\"potentialAction\":[{\"@type\":\"SearchAction\",\"target\":{\"@type\":\"EntryPoint\",\"urlTemplate\":\"https:\/\/www.primiposti.it\/blog\/?s={search_term_string}\"},\"query-input\":{\"@type\":\"PropertyValueSpecification\",\"valueRequired\":true,\"valueName\":\"search_term_string\"}}],\"inLanguage\":\"it-IT\"},{\"@type\":\"Organization\",\"@id\":\"https:\/\/www.primiposti.it\/blog\/#organization\",\"name\":\"Primi Posti\",\"url\":\"https:\/\/www.primiposti.it\/blog\/\",\"logo\":{\"@type\":\"ImageObject\",\"inLanguage\":\"it-IT\",\"@id\":\"https:\/\/www.primiposti.it\/blog\/#\/schema\/logo\/image\/\",\"url\":\"https:\/\/www.primiposti.it\/blog\/wp-content\/uploads\/2023\/03\/logo-primi-posti.png\",\"contentUrl\":\"https:\/\/www.primiposti.it\/blog\/wp-content\/uploads\/2023\/03\/logo-primi-posti.png\",\"width\":134,\"height\":34,\"caption\":\"Primi Posti\"},\"image\":{\"@id\":\"https:\/\/www.primiposti.it\/blog\/#\/schema\/logo\/image\/\"},\"sameAs\":[\"https:\/\/www.facebook.com\/PaginemailItalia\"]},{\"@type\":\"Person\",\"@id\":\"https:\/\/www.primiposti.it\/blog\/#\/schema\/person\/8cd66dd7f6740fa23469505462095978\",\"name\":\"Lisa Pitruzzella\",\"image\":{\"@type\":\"ImageObject\",\"inLanguage\":\"it-IT\",\"@id\":\"https:\/\/www.primiposti.it\/blog\/#\/schema\/person\/image\/\",\"url\":\"https:\/\/secure.gravatar.com\/avatar\/616289f2518c56758d40a828bea03f5d2c0505ef584f47c84630af81e05aa324?s=96&d=wp_user_avatar&r=g\",\"contentUrl\":\"https:\/\/secure.gravatar.com\/avatar\/616289f2518c56758d40a828bea03f5d2c0505ef584f47c84630af81e05aa324?s=96&d=wp_user_avatar&r=g\",\"caption\":\"Lisa Pitruzzella\"},\"url\":\"https:\/\/www.primiposti.it\/blog\/author\/lisa-pitruzzella\/\"}]}<\/script>\n<!-- \/ Yoast SEO plugin. -->","yoast_head_json":{"title":"L'HORO DI ELY SRLS |","description":"L\u2019HORO DI ELY nasce il 22 ottobre 2017 con una visione chiara e coraggiosa: creare uno spazio in cui l\u2019eleganza si fonde con la diversit\u00e0, valorizzando ogni Donna nella sua unicit\u00e0. Crediamo in una moda inclusiva, capace di esaltare ogni et\u00e0, ogni taglia, ogni provenienza e ogni personalit\u00e0 diventando rivenditori ufficiali brand dea fea. La nostra selezione spazia dalle linee classiche alla moda contemporanea, con l\u2019obiettivo di offrire un lusso accessibile e un\u2019esperienza che va oltre la semplice vendita.","robots":{"index":"index","follow":"follow","max-snippet":"max-snippet:-1","max-image-preview":"max-image-preview:large","max-video-preview":"max-video-preview:-1"},"canonical":"https:\/\/www.primiposti.it\/blog\/rivenditori-ufficiali-brand-dea-fea\/","og_locale":"it_IT","og_type":"article","og_title":"rivenditori ufficiali brand dea fea","og_description":"L\u2019HORO DI ELY nasce il 22 ottobre 2017 con una visione chiara e coraggiosa: creare uno spazio in cui l\u2019eleganza si fonde con la diversit\u00e0, valorizzando ogni Donna nella sua unicit\u00e0. Crediamo in una moda inclusiva, capace di esaltare ogni et\u00e0, ogni taglia, ogni provenienza e ogni personalit\u00e0 diventando rivenditori ufficiali brand dea fea. La nostra selezione spazia dalle linee classiche alla moda contemporanea, con l\u2019obiettivo di offrire un lusso accessibile e un\u2019esperienza che va oltre la semplice vendita.","og_url":"https:\/\/www.primiposti.it\/blog\/rivenditori-ufficiali-brand-dea-fea\/","og_site_name":"Il blog","article_publisher":"https:\/\/www.facebook.com\/PaginemailItalia","article_published_time":"2026-02-13T12:45:11+00:00","og_image":[{"width":370,"height":298,"url":"https:\/\/www.primiposti.it\/blog\/wp-content\/uploads\/2026\/02\/logo-horo-blog.png","type":"image\/png"}],"author":"Lisa Pitruzzella","twitter_card":"summary_large_image","twitter_misc":{"Scritto da":"Lisa Pitruzzella","Tempo di lettura stimato":"2 minuti"},"schema":{"@context":"https:\/\/schema.org","@graph":[{"@type":"Article","@id":"https:\/\/www.primiposti.it\/blog\/rivenditori-ufficiali-brand-dea-fea\/#article","isPartOf":{"@id":"https:\/\/www.primiposti.it\/blog\/rivenditori-ufficiali-brand-dea-fea\/"},"author":{"name":"Lisa Pitruzzella","@id":"https:\/\/www.primiposti.it\/blog\/#\/schema\/person\/8cd66dd7f6740fa23469505462095978"},"headline":"L&#8217;HORO DI ELY SRLS","datePublished":"2026-02-13T12:45:11+00:00","mainEntityOfPage":{"@id":"https:\/\/www.primiposti.it\/blog\/rivenditori-ufficiali-brand-dea-fea\/"},"wordCount":269,"commentCount":0,"publisher":{"@id":"https:\/\/www.primiposti.it\/blog\/#organization"},"image":{"@id":"https:\/\/www.primiposti.it\/blog\/rivenditori-ufficiali-brand-dea-fea\/#primaryimage"},"thumbnailUrl":"https:\/\/www.primiposti.it\/blog\/wp-content\/uploads\/2026\/02\/logo-horo-blog.png","articleSection":["Aziende Primi Posti"],"inLanguage":"it-IT","potentialAction":[{"@type":"CommentAction","name":"Comment","target":["https:\/\/www.primiposti.it\/blog\/rivenditori-ufficiali-brand-dea-fea\/#respond"]}]},{"@type":"WebPage","@id":"https:\/\/www.primiposti.it\/blog\/rivenditori-ufficiali-brand-dea-fea\/","url":"https:\/\/www.primiposti.it\/blog\/rivenditori-ufficiali-brand-dea-fea\/","name":"L'HORO DI ELY SRLS |","isPartOf":{"@id":"https:\/\/www.primiposti.it\/blog\/#website"},"primaryImageOfPage":{"@id":"https:\/\/www.primiposti.it\/blog\/rivenditori-ufficiali-brand-dea-fea\/#primaryimage"},"image":{"@id":"https:\/\/www.primiposti.it\/blog\/rivenditori-ufficiali-brand-dea-fea\/#primaryimage"},"thumbnailUrl":"https:\/\/www.primiposti.it\/blog\/wp-content\/uploads\/2026\/02\/logo-horo-blog.png","datePublished":"2026-02-13T12:45:11+00:00","description":"L\u2019HORO DI ELY nasce il 22 ottobre 2017 con una visione chiara e coraggiosa: creare uno spazio in cui l\u2019eleganza si fonde con la diversit\u00e0, valorizzando ogni Donna nella sua unicit\u00e0. Crediamo in una moda inclusiva, capace di esaltare ogni et\u00e0, ogni taglia, ogni provenienza e ogni personalit\u00e0 diventando rivenditori ufficiali brand dea fea. La nostra selezione spazia dalle linee classiche alla moda contemporanea, con l\u2019obiettivo di offrire un lusso accessibile e un\u2019esperienza che va oltre la semplice vendita.","breadcrumb":{"@id":"https:\/\/www.primiposti.it\/blog\/rivenditori-ufficiali-brand-dea-fea\/#breadcrumb"},"inLanguage":"it-IT","potentialAction":[{"@type":"ReadAction","target":["https:\/\/www.primiposti.it\/blog\/rivenditori-ufficiali-brand-dea-fea\/"]}]},{"@type":"ImageObject","inLanguage":"it-IT","@id":"https:\/\/www.primiposti.it\/blog\/rivenditori-ufficiali-brand-dea-fea\/#primaryimage","url":"https:\/\/www.primiposti.it\/blog\/wp-content\/uploads\/2026\/02\/logo-horo-blog.png","contentUrl":"https:\/\/www.primiposti.it\/blog\/wp-content\/uploads\/2026\/02\/logo-horo-blog.png","width":370,"height":298},{"@type":"BreadcrumbList","@id":"https:\/\/www.primiposti.it\/blog\/rivenditori-ufficiali-brand-dea-fea\/#breadcrumb","itemListElement":[{"@type":"ListItem","position":1,"name":"Home","item":"https:\/\/www.primiposti.it\/blog\/"},{"@type":"ListItem","position":2,"name":"L&#8217;HORO DI ELY SRLS"}]},{"@type":"WebSite","@id":"https:\/\/www.primiposti.it\/blog\/#website","url":"https:\/\/www.primiposti.it\/blog\/","name":"Il blog di PrimiPosti","description":"Ai primi posti con Primiposti","publisher":{"@id":"https:\/\/www.primiposti.it\/blog\/#organization"},"potentialAction":[{"@type":"SearchAction","target":{"@type":"EntryPoint","urlTemplate":"https:\/\/www.primiposti.it\/blog\/?s={search_term_string}"},"query-input":{"@type":"PropertyValueSpecification","valueRequired":true,"valueName":"search_term_string"}}],"inLanguage":"it-IT"},{"@type":"Organization","@id":"https:\/\/www.primiposti.it\/blog\/#organization","name":"Primi Posti","url":"https:\/\/www.primiposti.it\/blog\/","logo":{"@type":"ImageObject","inLanguage":"it-IT","@id":"https:\/\/www.primiposti.it\/blog\/#\/schema\/logo\/image\/","url":"https:\/\/www.primiposti.it\/blog\/wp-content\/uploads\/2023\/03\/logo-primi-posti.png","contentUrl":"https:\/\/www.primiposti.it\/blog\/wp-content\/uploads\/2023\/03\/logo-primi-posti.png","width":134,"height":34,"caption":"Primi Posti"},"image":{"@id":"https:\/\/www.primiposti.it\/blog\/#\/schema\/logo\/image\/"},"sameAs":["https:\/\/www.facebook.com\/PaginemailItalia"]},{"@type":"Person","@id":"https:\/\/www.primiposti.it\/blog\/#\/schema\/person\/8cd66dd7f6740fa23469505462095978","name":"Lisa Pitruzzella","image":{"@type":"ImageObject","inLanguage":"it-IT","@id":"https:\/\/www.primiposti.it\/blog\/#\/schema\/person\/image\/","url":"https:\/\/secure.gravatar.com\/avatar\/616289f2518c56758d40a828bea03f5d2c0505ef584f47c84630af81e05aa324?s=96&d=wp_user_avatar&r=g","contentUrl":"https:\/\/secure.gravatar.com\/avatar\/616289f2518c56758d40a828bea03f5d2c0505ef584f47c84630af81e05aa324?s=96&d=wp_user_avatar&r=g","caption":"Lisa Pitruzzella"},"url":"https:\/\/www.primiposti.it\/blog\/author\/lisa-pitruzzella\/"}]}},"_links":{"self":[{"href":"https:\/\/www.primiposti.it\/blog\/wp-json\/wp\/v2\/posts\/13615","targetHints":{"allow":["GET"]}}],"collection":[{"href":"https:\/\/www.primiposti.it\/blog\/wp-json\/wp\/v2\/posts"}],"about":[{"href":"https:\/\/www.primiposti.it\/blog\/wp-json\/wp\/v2\/types\/post"}],"author":[{"embeddable":true,"href":"https:\/\/www.primiposti.it\/blog\/wp-json\/wp\/v2\/users\/2"}],"replies":[{"embeddable":true,"href":"https:\/\/www.primiposti.it\/blog\/wp-json\/wp\/v2\/comments?post=13615"}],"version-history":[{"count":1,"href":"https:\/\/www.primiposti.it\/blog\/wp-json\/wp\/v2\/posts\/13615\/revisions"}],"predecessor-version":[{"id":13617,"href":"https:\/\/www.primiposti.it\/blog\/wp-json\/wp\/v2\/posts\/13615\/revisions\/13617"}],"wp:featuredmedia":[{"embeddable":true,"href":"https:\/\/www.primiposti.it\/blog\/wp-json\/wp\/v2\/media\/13616"}],"wp:attachment":[{"href":"https:\/\/www.primiposti.it\/blog\/wp-json\/wp\/v2\/media?parent=13615"}],"wp:term":[{"taxonomy":"category","embeddable":true,"href":"https:\/\/www.primiposti.it\/blog\/wp-json\/wp\/v2\/categories?post=13615"},{"taxonomy":"post_tag","embeddable":true,"href":"https:\/\/www.primiposti.it\/blog\/wp-json\/wp\/v2\/tags?post=13615"}],"curies":[{"name":"wp","href":"https:\/\/api.w.org\/{rel}","templated":true}]}}