{"id":341,"date":"2016-05-05T17:34:25","date_gmt":"2016-05-05T15:34:25","guid":{"rendered":"https:\/\/primiposti.it\/blog\/?p=341"},"modified":"2016-05-06T11:01:11","modified_gmt":"2016-05-06T09:01:11","slug":"giardino-degli-ulivi","status":"publish","type":"post","link":"https:\/\/www.primiposti.it\/blog\/giardino-degli-ulivi\/","title":{"rendered":"GIARDINO DEGLI ULIVI"},"content":{"rendered":"<p>GIARDINO DEGLI ULIVI \u00a0\u00e8 la <a href=\"https:\/\/www.paginemail.it\/turismo\/tour-operator-ed-agenzie-turistiche\/location-per-eventi-e-spettacoli\/lazio\/roma\/sant-angelo-romano\/200500429\/giardino-degli-ulivi-country-house.html?reminder=open\">villa per eventi<\/a> di eccellenza per tutte le occasioni pi\u00f9 importanti della vostra vita.<\/p>\n<p>&nbsp;<\/p>\n<p>\u00c8\u00a0una country house di 13 mila metri che sorge nel verde e nel silenzio della natura in zona collinare, E&#8217; circondata da un parco con piante arboree, floreali, ulivi e dalla presenza di un grande fontanile tipico del territorio. Luogo ideale per svolgere feste, compleanni, battesimi, comunioni, cresime con un area riservata alle attivit\u00e0 di divertimento e ludiche favorite da animatori qualora richiesti.<\/p>\n<p>&nbsp;<\/p>\n<p>L&#8217;attivit\u00e0 conviviale potr\u00e0 essere svolta attraverso un catering, in spazi ospitali al coperto in stile casa di campagna e\/o gazebo. Inoltre Giardino degli Ulivi organizza matrimoni, cene private ed eventi aziendali.<\/p>\n<p>&nbsp;<\/p>\n<p>Il GIARDINO DEGLI ULIVI\u00a0 dedica particolare attenzione ai bambini mettendo a disposizione un ampio parco, gazebo\u00a0 e gli interni della villa in stile country\u00a0 che sono a disposizione degli ospiti . Catering di qualit\u00e0, uno staff a disposizione per seguire ogni momento dell&#8217;evento, musica, animatori professionisti su richiesta, ed infinite possibilit\u00e0 di personalizzare la festa per rendere unico il tuo evento.<\/p>\n<p>&nbsp;<\/p>\n<p>Il GIARDINO DEGLI ULIVI\u00a0 \u00e8 anche il posto ideale come location per\u00a0 il giorno pi\u00f9 speciale e importante della vostra vita \u00a0da rendere perfetto nei dettagli sia per gli sposi sia per gli invitati che dovranno festeggiare, ballare e rendere memorabile il vostro matrimonio. Giardino degli Ulivi propone piatti tipici del territorio rivisitandoli con semplicit\u00e0 e raffinatezza, ambienti caldi ed uno staff qualificato. A disposizione per l&#8217;intero evento in esclusiva un parco curato nei dettagli, la villa con i suoi saloni, bagni di servizio, camera nuziale e parcheggio.<\/p>\n","protected":false},"excerpt":{"rendered":"<p>GIARDINO DEGLI ULIVI \u00a0\u00e8 la villa per eventi di eccellenza per tutte le occasioni pi\u00f9 importanti della vostra vita. &nbsp; \u00c8\u00a0una country house di 13 mila metri che sorge nel verde e nel silenzio della natura in zona collinare, E&#8217; circondata da un parco con piante arboree, floreali, ulivi e dalla presenza di un grande&#8230;<\/p>\n","protected":false},"author":2,"featured_media":343,"comment_status":"open","ping_status":"open","sticky":false,"template":"","format":"standard","meta":{"_kad_post_transparent":"","_kad_post_title":"","_kad_post_layout":"","_kad_post_sidebar_id":"","_kad_post_content_style":"","_kad_post_vertical_padding":"","_kad_post_feature":"","_kad_post_feature_position":"","_kad_post_header":false,"_kad_post_footer":false,"footnotes":""},"categories":[12],"tags":[],"class_list":["post-341","post","type-post","status-publish","format-standard","has-post-thumbnail","hentry","category-aziende-primi-posti"],"yoast_head":"<!-- This site is optimized with the Yoast SEO plugin v24.9 - https:\/\/yoast.com\/wordpress\/plugins\/seo\/ -->\n<title>villa per eventi: GIARDINO DEGLI ULIVI<\/title>\n<meta name=\"description\" content=\"GIARDINO DEGLI ULIVI \u00a0\u00e8 la villa per eventi di eccellenza per tutte le occasioni pi\u00f9 importanti della vostra vita.\" \/>\n<meta name=\"robots\" content=\"index, follow, max-snippet:-1, max-image-preview:large, max-video-preview:-1\" \/>\n<link rel=\"canonical\" href=\"https:\/\/www.primiposti.it\/blog\/giardino-degli-ulivi\/\" \/>\n<meta property=\"og:locale\" content=\"it_IT\" \/>\n<meta property=\"og:type\" content=\"article\" \/>\n<meta property=\"og:title\" content=\"villa per eventi\" \/>\n<meta property=\"og:description\" content=\"GIARDINO DEGLI ULIVI \u00e8 la villa per eventi di eccellenza per tutte le occasioni pi\u00f9 importanti della vostra vita.\" \/>\n<meta property=\"og:url\" content=\"https:\/\/www.primiposti.it\/blog\/giardino-degli-ulivi\/\" \/>\n<meta property=\"og:site_name\" content=\"Il blog\" \/>\n<meta property=\"article:publisher\" content=\"https:\/\/www.facebook.com\/PaginemailItalia\" \/>\n<meta property=\"article:published_time\" content=\"2016-05-05T15:34:25+00:00\" \/>\n<meta property=\"article:modified_time\" content=\"2016-05-06T09:01:11+00:00\" \/>\n<meta property=\"og:image\" content=\"https:\/\/primiposti.it\/blog\/wp-content\/uploads\/2016\/05\/logo-giardino-degli-ulivi-blog.jpg\" \/>\n<meta name=\"author\" content=\"Lisa Pitruzzella\" \/>\n<meta name=\"twitter:card\" content=\"summary_large_image\" \/>\n<meta name=\"twitter:label1\" content=\"Scritto da\" \/>\n\t<meta name=\"twitter:data1\" content=\"Lisa Pitruzzella\" \/>\n\t<meta name=\"twitter:label2\" content=\"Tempo di lettura stimato\" \/>\n\t<meta name=\"twitter:data2\" content=\"1 minuto\" \/>\n<script type=\"application\/ld+json\" class=\"yoast-schema-graph\">{\"@context\":\"https:\/\/schema.org\",\"@graph\":[{\"@type\":\"Article\",\"@id\":\"https:\/\/www.primiposti.it\/blog\/giardino-degli-ulivi\/#article\",\"isPartOf\":{\"@id\":\"https:\/\/www.primiposti.it\/blog\/giardino-degli-ulivi\/\"},\"author\":{\"name\":\"Lisa Pitruzzella\",\"@id\":\"https:\/\/www.primiposti.it\/blog\/#\/schema\/person\/8cd66dd7f6740fa23469505462095978\"},\"headline\":\"GIARDINO DEGLI ULIVI\",\"datePublished\":\"2016-05-05T15:34:25+00:00\",\"dateModified\":\"2016-05-06T09:01:11+00:00\",\"mainEntityOfPage\":{\"@id\":\"https:\/\/www.primiposti.it\/blog\/giardino-degli-ulivi\/\"},\"wordCount\":266,\"commentCount\":0,\"publisher\":{\"@id\":\"https:\/\/www.primiposti.it\/blog\/#organization\"},\"image\":{\"@id\":\"https:\/\/www.primiposti.it\/blog\/giardino-degli-ulivi\/#primaryimage\"},\"thumbnailUrl\":\"https:\/\/www.primiposti.it\/blog\/wp-content\/uploads\/2016\/05\/logo-giardino-degli-ulivi-blog.jpg\",\"articleSection\":[\"Aziende Primi Posti\"],\"inLanguage\":\"it-IT\",\"potentialAction\":[{\"@type\":\"CommentAction\",\"name\":\"Comment\",\"target\":[\"https:\/\/www.primiposti.it\/blog\/giardino-degli-ulivi\/#respond\"]}]},{\"@type\":\"WebPage\",\"@id\":\"https:\/\/www.primiposti.it\/blog\/giardino-degli-ulivi\/\",\"url\":\"https:\/\/www.primiposti.it\/blog\/giardino-degli-ulivi\/\",\"name\":\"villa per eventi: GIARDINO DEGLI ULIVI\",\"isPartOf\":{\"@id\":\"https:\/\/www.primiposti.it\/blog\/#website\"},\"primaryImageOfPage\":{\"@id\":\"https:\/\/www.primiposti.it\/blog\/giardino-degli-ulivi\/#primaryimage\"},\"image\":{\"@id\":\"https:\/\/www.primiposti.it\/blog\/giardino-degli-ulivi\/#primaryimage\"},\"thumbnailUrl\":\"https:\/\/www.primiposti.it\/blog\/wp-content\/uploads\/2016\/05\/logo-giardino-degli-ulivi-blog.jpg\",\"datePublished\":\"2016-05-05T15:34:25+00:00\",\"dateModified\":\"2016-05-06T09:01:11+00:00\",\"description\":\"GIARDINO DEGLI ULIVI \u00a0\u00e8 la villa per eventi di eccellenza per tutte le occasioni pi\u00f9 importanti della vostra vita.\",\"breadcrumb\":{\"@id\":\"https:\/\/www.primiposti.it\/blog\/giardino-degli-ulivi\/#breadcrumb\"},\"inLanguage\":\"it-IT\",\"potentialAction\":[{\"@type\":\"ReadAction\",\"target\":[\"https:\/\/www.primiposti.it\/blog\/giardino-degli-ulivi\/\"]}]},{\"@type\":\"ImageObject\",\"inLanguage\":\"it-IT\",\"@id\":\"https:\/\/www.primiposti.it\/blog\/giardino-degli-ulivi\/#primaryimage\",\"url\":\"https:\/\/www.primiposti.it\/blog\/wp-content\/uploads\/2016\/05\/logo-giardino-degli-ulivi-blog.jpg\",\"contentUrl\":\"https:\/\/www.primiposti.it\/blog\/wp-content\/uploads\/2016\/05\/logo-giardino-degli-ulivi-blog.jpg\",\"width\":370,\"height\":297},{\"@type\":\"BreadcrumbList\",\"@id\":\"https:\/\/www.primiposti.it\/blog\/giardino-degli-ulivi\/#breadcrumb\",\"itemListElement\":[{\"@type\":\"ListItem\",\"position\":1,\"name\":\"Home\",\"item\":\"https:\/\/www.primiposti.it\/blog\/\"},{\"@type\":\"ListItem\",\"position\":2,\"name\":\"GIARDINO DEGLI ULIVI\"}]},{\"@type\":\"WebSite\",\"@id\":\"https:\/\/www.primiposti.it\/blog\/#website\",\"url\":\"https:\/\/www.primiposti.it\/blog\/\",\"name\":\"Il blog di PrimiPosti\",\"description\":\"Ai primi posti con Primiposti\",\"publisher\":{\"@id\":\"https:\/\/www.primiposti.it\/blog\/#organization\"},\"potentialAction\":[{\"@type\":\"SearchAction\",\"target\":{\"@type\":\"EntryPoint\",\"urlTemplate\":\"https:\/\/www.primiposti.it\/blog\/?s={search_term_string}\"},\"query-input\":{\"@type\":\"PropertyValueSpecification\",\"valueRequired\":true,\"valueName\":\"search_term_string\"}}],\"inLanguage\":\"it-IT\"},{\"@type\":\"Organization\",\"@id\":\"https:\/\/www.primiposti.it\/blog\/#organization\",\"name\":\"Primi Posti\",\"url\":\"https:\/\/www.primiposti.it\/blog\/\",\"logo\":{\"@type\":\"ImageObject\",\"inLanguage\":\"it-IT\",\"@id\":\"https:\/\/www.primiposti.it\/blog\/#\/schema\/logo\/image\/\",\"url\":\"https:\/\/www.primiposti.it\/blog\/wp-content\/uploads\/2023\/03\/logo-primi-posti.png\",\"contentUrl\":\"https:\/\/www.primiposti.it\/blog\/wp-content\/uploads\/2023\/03\/logo-primi-posti.png\",\"width\":134,\"height\":34,\"caption\":\"Primi Posti\"},\"image\":{\"@id\":\"https:\/\/www.primiposti.it\/blog\/#\/schema\/logo\/image\/\"},\"sameAs\":[\"https:\/\/www.facebook.com\/PaginemailItalia\"]},{\"@type\":\"Person\",\"@id\":\"https:\/\/www.primiposti.it\/blog\/#\/schema\/person\/8cd66dd7f6740fa23469505462095978\",\"name\":\"Lisa Pitruzzella\",\"image\":{\"@type\":\"ImageObject\",\"inLanguage\":\"it-IT\",\"@id\":\"https:\/\/www.primiposti.it\/blog\/#\/schema\/person\/image\/\",\"url\":\"https:\/\/secure.gravatar.com\/avatar\/616289f2518c56758d40a828bea03f5d2c0505ef584f47c84630af81e05aa324?s=96&d=wp_user_avatar&r=g\",\"contentUrl\":\"https:\/\/secure.gravatar.com\/avatar\/616289f2518c56758d40a828bea03f5d2c0505ef584f47c84630af81e05aa324?s=96&d=wp_user_avatar&r=g\",\"caption\":\"Lisa Pitruzzella\"},\"url\":\"https:\/\/www.primiposti.it\/blog\/author\/lisa-pitruzzella\/\"}]}<\/script>\n<!-- \/ Yoast SEO plugin. -->","yoast_head_json":{"title":"villa per eventi: GIARDINO DEGLI ULIVI","description":"GIARDINO DEGLI ULIVI \u00a0\u00e8 la villa per eventi di eccellenza per tutte le occasioni pi\u00f9 importanti della vostra vita.","robots":{"index":"index","follow":"follow","max-snippet":"max-snippet:-1","max-image-preview":"max-image-preview:large","max-video-preview":"max-video-preview:-1"},"canonical":"https:\/\/www.primiposti.it\/blog\/giardino-degli-ulivi\/","og_locale":"it_IT","og_type":"article","og_title":"villa per eventi","og_description":"GIARDINO DEGLI ULIVI \u00e8 la villa per eventi di eccellenza per tutte le occasioni pi\u00f9 importanti della vostra vita.","og_url":"https:\/\/www.primiposti.it\/blog\/giardino-degli-ulivi\/","og_site_name":"Il blog","article_publisher":"https:\/\/www.facebook.com\/PaginemailItalia","article_published_time":"2016-05-05T15:34:25+00:00","article_modified_time":"2016-05-06T09:01:11+00:00","og_image":[{"url":"https:\/\/primiposti.it\/blog\/wp-content\/uploads\/2016\/05\/logo-giardino-degli-ulivi-blog.jpg","type":"","width":"","height":""}],"author":"Lisa Pitruzzella","twitter_card":"summary_large_image","twitter_misc":{"Scritto da":"Lisa Pitruzzella","Tempo di lettura stimato":"1 minuto"},"schema":{"@context":"https:\/\/schema.org","@graph":[{"@type":"Article","@id":"https:\/\/www.primiposti.it\/blog\/giardino-degli-ulivi\/#article","isPartOf":{"@id":"https:\/\/www.primiposti.it\/blog\/giardino-degli-ulivi\/"},"author":{"name":"Lisa Pitruzzella","@id":"https:\/\/www.primiposti.it\/blog\/#\/schema\/person\/8cd66dd7f6740fa23469505462095978"},"headline":"GIARDINO DEGLI ULIVI","datePublished":"2016-05-05T15:34:25+00:00","dateModified":"2016-05-06T09:01:11+00:00","mainEntityOfPage":{"@id":"https:\/\/www.primiposti.it\/blog\/giardino-degli-ulivi\/"},"wordCount":266,"commentCount":0,"publisher":{"@id":"https:\/\/www.primiposti.it\/blog\/#organization"},"image":{"@id":"https:\/\/www.primiposti.it\/blog\/giardino-degli-ulivi\/#primaryimage"},"thumbnailUrl":"https:\/\/www.primiposti.it\/blog\/wp-content\/uploads\/2016\/05\/logo-giardino-degli-ulivi-blog.jpg","articleSection":["Aziende Primi Posti"],"inLanguage":"it-IT","potentialAction":[{"@type":"CommentAction","name":"Comment","target":["https:\/\/www.primiposti.it\/blog\/giardino-degli-ulivi\/#respond"]}]},{"@type":"WebPage","@id":"https:\/\/www.primiposti.it\/blog\/giardino-degli-ulivi\/","url":"https:\/\/www.primiposti.it\/blog\/giardino-degli-ulivi\/","name":"villa per eventi: GIARDINO DEGLI ULIVI","isPartOf":{"@id":"https:\/\/www.primiposti.it\/blog\/#website"},"primaryImageOfPage":{"@id":"https:\/\/www.primiposti.it\/blog\/giardino-degli-ulivi\/#primaryimage"},"image":{"@id":"https:\/\/www.primiposti.it\/blog\/giardino-degli-ulivi\/#primaryimage"},"thumbnailUrl":"https:\/\/www.primiposti.it\/blog\/wp-content\/uploads\/2016\/05\/logo-giardino-degli-ulivi-blog.jpg","datePublished":"2016-05-05T15:34:25+00:00","dateModified":"2016-05-06T09:01:11+00:00","description":"GIARDINO DEGLI ULIVI \u00a0\u00e8 la villa per eventi di eccellenza per tutte le occasioni pi\u00f9 importanti della vostra vita.","breadcrumb":{"@id":"https:\/\/www.primiposti.it\/blog\/giardino-degli-ulivi\/#breadcrumb"},"inLanguage":"it-IT","potentialAction":[{"@type":"ReadAction","target":["https:\/\/www.primiposti.it\/blog\/giardino-degli-ulivi\/"]}]},{"@type":"ImageObject","inLanguage":"it-IT","@id":"https:\/\/www.primiposti.it\/blog\/giardino-degli-ulivi\/#primaryimage","url":"https:\/\/www.primiposti.it\/blog\/wp-content\/uploads\/2016\/05\/logo-giardino-degli-ulivi-blog.jpg","contentUrl":"https:\/\/www.primiposti.it\/blog\/wp-content\/uploads\/2016\/05\/logo-giardino-degli-ulivi-blog.jpg","width":370,"height":297},{"@type":"BreadcrumbList","@id":"https:\/\/www.primiposti.it\/blog\/giardino-degli-ulivi\/#breadcrumb","itemListElement":[{"@type":"ListItem","position":1,"name":"Home","item":"https:\/\/www.primiposti.it\/blog\/"},{"@type":"ListItem","position":2,"name":"GIARDINO DEGLI ULIVI"}]},{"@type":"WebSite","@id":"https:\/\/www.primiposti.it\/blog\/#website","url":"https:\/\/www.primiposti.it\/blog\/","name":"Il blog di PrimiPosti","description":"Ai primi posti con Primiposti","publisher":{"@id":"https:\/\/www.primiposti.it\/blog\/#organization"},"potentialAction":[{"@type":"SearchAction","target":{"@type":"EntryPoint","urlTemplate":"https:\/\/www.primiposti.it\/blog\/?s={search_term_string}"},"query-input":{"@type":"PropertyValueSpecification","valueRequired":true,"valueName":"search_term_string"}}],"inLanguage":"it-IT"},{"@type":"Organization","@id":"https:\/\/www.primiposti.it\/blog\/#organization","name":"Primi Posti","url":"https:\/\/www.primiposti.it\/blog\/","logo":{"@type":"ImageObject","inLanguage":"it-IT","@id":"https:\/\/www.primiposti.it\/blog\/#\/schema\/logo\/image\/","url":"https:\/\/www.primiposti.it\/blog\/wp-content\/uploads\/2023\/03\/logo-primi-posti.png","contentUrl":"https:\/\/www.primiposti.it\/blog\/wp-content\/uploads\/2023\/03\/logo-primi-posti.png","width":134,"height":34,"caption":"Primi Posti"},"image":{"@id":"https:\/\/www.primiposti.it\/blog\/#\/schema\/logo\/image\/"},"sameAs":["https:\/\/www.facebook.com\/PaginemailItalia"]},{"@type":"Person","@id":"https:\/\/www.primiposti.it\/blog\/#\/schema\/person\/8cd66dd7f6740fa23469505462095978","name":"Lisa Pitruzzella","image":{"@type":"ImageObject","inLanguage":"it-IT","@id":"https:\/\/www.primiposti.it\/blog\/#\/schema\/person\/image\/","url":"https:\/\/secure.gravatar.com\/avatar\/616289f2518c56758d40a828bea03f5d2c0505ef584f47c84630af81e05aa324?s=96&d=wp_user_avatar&r=g","contentUrl":"https:\/\/secure.gravatar.com\/avatar\/616289f2518c56758d40a828bea03f5d2c0505ef584f47c84630af81e05aa324?s=96&d=wp_user_avatar&r=g","caption":"Lisa Pitruzzella"},"url":"https:\/\/www.primiposti.it\/blog\/author\/lisa-pitruzzella\/"}]}},"_links":{"self":[{"href":"https:\/\/www.primiposti.it\/blog\/wp-json\/wp\/v2\/posts\/341","targetHints":{"allow":["GET"]}}],"collection":[{"href":"https:\/\/www.primiposti.it\/blog\/wp-json\/wp\/v2\/posts"}],"about":[{"href":"https:\/\/www.primiposti.it\/blog\/wp-json\/wp\/v2\/types\/post"}],"author":[{"embeddable":true,"href":"https:\/\/www.primiposti.it\/blog\/wp-json\/wp\/v2\/users\/2"}],"replies":[{"embeddable":true,"href":"https:\/\/www.primiposti.it\/blog\/wp-json\/wp\/v2\/comments?post=341"}],"version-history":[{"count":3,"href":"https:\/\/www.primiposti.it\/blog\/wp-json\/wp\/v2\/posts\/341\/revisions"}],"predecessor-version":[{"id":346,"href":"https:\/\/www.primiposti.it\/blog\/wp-json\/wp\/v2\/posts\/341\/revisions\/346"}],"wp:featuredmedia":[{"embeddable":true,"href":"https:\/\/www.primiposti.it\/blog\/wp-json\/wp\/v2\/media\/343"}],"wp:attachment":[{"href":"https:\/\/www.primiposti.it\/blog\/wp-json\/wp\/v2\/media?parent=341"}],"wp:term":[{"taxonomy":"category","embeddable":true,"href":"https:\/\/www.primiposti.it\/blog\/wp-json\/wp\/v2\/categories?post=341"},{"taxonomy":"post_tag","embeddable":true,"href":"https:\/\/www.primiposti.it\/blog\/wp-json\/wp\/v2\/tags?post=341"}],"curies":[{"name":"wp","href":"https:\/\/api.w.org\/{rel}","templated":true}]}}